{"id":219381,"date":"2025-05-23T10:21:47","date_gmt":"2025-05-23T17:21:47","guid":{"rendered":"https:\/\/rnoticias.com.mx\/Portal\/?p=219381"},"modified":"2025-05-23T10:21:47","modified_gmt":"2025-05-23T17:21:47","slug":"taylor-swift-no-sera-citada-como-testigo-en-la-batalla-legal-entre-blake-lively-y-justin-baldoni","status":"publish","type":"post","link":"https:\/\/rnoticias.com.mx\/Portal\/2025\/05\/23\/taylor-swift-no-sera-citada-como-testigo-en-la-batalla-legal-entre-blake-lively-y-justin-baldoni\/","title":{"rendered":"Taylor Swift no ser\u00e1 citada como testigo en la batalla legal entre Blake Lively y Justin Baldoni"},"content":{"rendered":"<p class=\"selectable-text copyable-text x15bjb6t x1n2onr6\" dir=\"ltr\"><span class=\"selectable-text copyable-text xkrh14z\">La estrella del pop\u00a0Taylor Swift\u00a0ya no formar\u00e1 parte del proceso judicial entre los actores\u00a0Blake Lively y Justin Baldoni,\u00a0que se enfrentar\u00e1n en\u00a0un juicio programado para el 9 de marzo de 2026 por la pel\u00edcula It Ends With Us.\u00a0Swift hab\u00eda sido citada a principios de mes\u00a0como posible testigo debido a su amistad con Lively,\u00a0pero Baldoni, quien tambi\u00e9n dirigi\u00f3 y coprotagoniz\u00f3 la cinta,\u00a0retir\u00f3 la solicitud este jueves.\u00a0<\/span><\/p>\n<p class=\"selectable-text copyable-text x15bjb6t x1n2onr6\" dir=\"ltr\"><span class=\"selectable-text copyable-text xkrh14z\">Un portavoz de Lively confirm\u00f3 la noticia a varios medios,\u00a0se\u00f1alando que su equipo est\u00e1 \u201ccontento\u201d con la decisi\u00f3n\u00a0y calific\u00f3 la citaci\u00f3n como una forma de \u201cacoso\u201d a la cantante y a su equipo legal. \u201cApoyamos los esfuerzos del equipo de Taylor para anular estas citaciones inapropiadas dirigidas a su abogado y seguiremos defendiendo a cualquier tercero que sea injustamente acosado o amenazado en el proceso\u201d, a\u00f1adi\u00f3 el representante.\u00a0<\/span><\/p>\n<p class=\"selectable-text copyable-text x15bjb6t x1n2onr6\" dir=\"ltr\"><span class=\"selectable-text copyable-text xkrh14z\">El vocero tambi\u00e9n acus\u00f3 al equipo legal de Baldoni de haber intentado desde el inicio \u201cponer en el punto de mira\u201d a Swift,\u00a0utilizando su fama para desviar la atenci\u00f3n del caso principal.\u00a0<\/span><\/p>\n<p class=\"selectable-text copyable-text x15bjb6t x1n2onr6\" dir=\"ltr\"><span class=\"selectable-text copyable-text xkrh14z\">El entorno de la cantante aclar\u00f3 que Swift no tiene una conexi\u00f3n significativa con la pel\u00edcula:\u00a0\u201cNunca pis\u00f3 el set, no \u00a0particip\u00f3 en decisiones creativas, no compuso la banda sonora ni vio el filme hasta semanas despu\u00e9s de su estreno\u201d.\u00a0Su \u00fanica vinculaci\u00f3n fue\u00a0la licencia para usar una de sus canciones, al igual que otros 19 artistas.<\/span><\/p>\n<p class=\"selectable-text copyable-text x15bjb6t x1n2onr6\" dir=\"ltr\"><span class=\"selectable-text copyable-text xkrh14z\">La tensi\u00f3n entre Lively y Baldoni escal\u00f3 la semana pasada, cuando el equipo legal del director\u00a0acus\u00f3 a la actriz de amenazar con divulgar mensajes privados con Swift si esta no \u00a0le mostraba apoyo p\u00fablico.\u00a0El juez retir\u00f3 dicha acusaci\u00f3n del expediente por considerarla\u00a0\u201cirrelevante\u201d e \u201cindebida\u201d.\u00a0<\/span><\/p>\n<p class=\"selectable-text copyable-text x15bjb6t x1n2onr6\" dir=\"ltr\"><span class=\"selectable-text copyable-text xkrh14z\">El conflicto legal entre ambas partes comenz\u00f3 a finales de 2024,\u00a0cuando Lively denunci\u00f3 a Baldoni por acoso sexual y conducta inapropiada durante el rodaje.\u00a0Desde entonces, ambas partes han intercambiado demandas cruzadas que\u00a0incluyen acusaciones de difamaci\u00f3n y un reclamo econ\u00f3mico que asciende a 400 millones de d\u00f3lares.\u00a0<\/span><\/p>\n","protected":false},"excerpt":{"rendered":"<p>La estrella del pop\u00a0Taylor Swift\u00a0ya no formar\u00e1 parte del proceso judicial entre los actores\u00a0Blake Lively y Justin Baldoni,\u00a0que se enfrentar\u00e1n en\u00a0un juicio programado para el 9 de marzo de 2026 por la pel\u00edcula It Ends With Us.\u00a0Swift hab\u00eda sido citada a principios de mes\u00a0como posible testigo debido a su amistad con Lively,\u00a0pero Baldoni, quien tambi\u00e9n [&hellip;]<\/p>\n","protected":false},"author":2,"featured_media":219382,"comment_status":"closed","ping_status":"closed","sticky":false,"template":"","format":"standard","meta":{"footnotes":""},"categories":[12870,219],"tags":[12865,12875],"class_list":["post-219381","post","type-post","status-publish","format-standard","has-post-thumbnail","hentry","category-destacadas","category-espectaculos","tag-destacadas","tag-espectaculos"],"jetpack_featured_media_url":"https:\/\/rnoticias.com.mx\/Portal\/wp-content\/uploads\/2025\/05\/Blake-Lively-Taylor-Swift-Justin-Baldoni-300x169-1.jpg","amp_enabled":true,"_links":{"self":[{"href":"https:\/\/rnoticias.com.mx\/Portal\/wp-json\/wp\/v2\/posts\/219381","targetHints":{"allow":["GET"]}}],"collection":[{"href":"https:\/\/rnoticias.com.mx\/Portal\/wp-json\/wp\/v2\/posts"}],"about":[{"href":"https:\/\/rnoticias.com.mx\/Portal\/wp-json\/wp\/v2\/types\/post"}],"author":[{"embeddable":true,"href":"https:\/\/rnoticias.com.mx\/Portal\/wp-json\/wp\/v2\/users\/2"}],"replies":[{"embeddable":true,"href":"https:\/\/rnoticias.com.mx\/Portal\/wp-json\/wp\/v2\/comments?post=219381"}],"version-history":[{"count":1,"href":"https:\/\/rnoticias.com.mx\/Portal\/wp-json\/wp\/v2\/posts\/219381\/revisions"}],"predecessor-version":[{"id":219383,"href":"https:\/\/rnoticias.com.mx\/Portal\/wp-json\/wp\/v2\/posts\/219381\/revisions\/219383"}],"wp:featuredmedia":[{"embeddable":true,"href":"https:\/\/rnoticias.com.mx\/Portal\/wp-json\/wp\/v2\/media\/219382"}],"wp:attachment":[{"href":"https:\/\/rnoticias.com.mx\/Portal\/wp-json\/wp\/v2\/media?parent=219381"}],"wp:term":[{"taxonomy":"category","embeddable":true,"href":"https:\/\/rnoticias.com.mx\/Portal\/wp-json\/wp\/v2\/categories?post=219381"},{"taxonomy":"post_tag","embeddable":true,"href":"https:\/\/rnoticias.com.mx\/Portal\/wp-json\/wp\/v2\/tags?post=219381"}],"curies":[{"name":"wp","href":"https:\/\/api.w.org\/{rel}","templated":true}]}}