{"id":219366,"date":"2025-05-23T10:16:16","date_gmt":"2025-05-23T17:16:16","guid":{"rendered":"https:\/\/rnoticias.com.mx\/Portal\/?p=219366"},"modified":"2025-05-23T10:16:16","modified_gmt":"2025-05-23T17:16:16","slug":"empleado-de-la-embajada-de-israel-asesinado-a-tiros-iba-a-pedirle-matrimonio-a-su-pareja","status":"publish","type":"post","link":"https:\/\/rnoticias.com.mx\/Portal\/2025\/05\/23\/empleado-de-la-embajada-de-israel-asesinado-a-tiros-iba-a-pedirle-matrimonio-a-su-pareja\/","title":{"rendered":"Empleado de la Embajada de Israel asesinado a tiros iba a pedirle matrimonio a su pareja"},"content":{"rendered":"<p><strong>\u00ab\u00a1Palestina Libre!\u00bb,<\/strong>\u00a0fueron las palabras que lanz\u00f3 al aire tras ser arrestado\u00a0<strong>Elias Rodr\u00edguez, de 30 a\u00f1os<\/strong>, presunto autor del tiroteo que se registr\u00f3 la noche de este mi\u00e9rcoles 21 de mayo en la ciudad de\u00a0<strong>Washington, Estados Unidos,<\/strong>\u00a0y que dej\u00f3 dos empleados de la\u00a0<strong>Embajada de Israel muertos.\u00a0<\/strong><\/p>\n<p>Las dos v\u00edctimas, a las que el\u00a0<strong>Ministerio de Exteriores<\/strong>\u00a0israel\u00ed identific\u00f3 como\u00a0<strong>Yaron Lischinsky<\/strong>, de 30 a\u00f1os, y<strong>\u00a0Sarah Lynn Milgrim,<\/strong>\u00a0de 26, planeaban viajar a Jerusalem para comprometerse en matrimonio ya que \u00e9l, aseguraron autoridades de aquella naci\u00f3n, hab\u00eda comprado un anillo en d\u00edas anteriores.<\/p>\n<aside class=\"htmlinline\"><\/aside>\n<p>El embajador en Washington,\u00a0<strong>Yechiel Leiter,<\/strong>\u00a0elogi\u00f3 a Yaron y Sarah como una \u00abhermosa pareja\u00bb que ten\u00eda sue\u00f1os por cumplir pero que la\u00a0<strong>\u201ct\u00f3xica incitaci\u00f3n antisemita\u201d\u00a0<\/strong>acab\u00f3 con sus vidas. Incluso el Gobierno de aquella naci\u00f3n arremeti\u00f3 contra Europa por criticar las acciones que se han implementado en Gaza. Ah\u00ed alrededor de\u00a0<strong>53 mil personas han perdido la vida<\/strong>\u00a0bajo las bombas de Israel, aunado a la crisis alimentaria ante la negativa de ingreso de ayuda a la<strong>\u00a0Franja de Gaza.\u00a0<\/strong><\/p>\n<p>\u00abEl joven compr\u00f3 un anillo esta semana con la intenci\u00f3n de proponerle matrimonio a su novia la semana que viene en Jerusal\u00e9n\u00bb, declar\u00f3 Leiter a la prensa estadounidense.<\/p>\n<h2>\u00bfQui\u00e9nes eran Yaron y Sarah, empleados de la embajada asesinados en EU?<\/h2>\n<p>De acuerdo con informaci\u00f3n revelada por la misma\u00a0<strong>Embajada de Israel,\u00a0Lischinsky<\/strong>\u00a0trabajaba en el departamento pol\u00edtico de la dependencia mientras que Sarah\u00a0hab\u00eda sido parte del departamento de diplomacia p\u00fablica durante un a\u00f1o y medio. Ambos estaban a favor de una paz entre ambos bandos:\u00a0<strong>Palestina e Israel.\u00a0<\/strong><\/p>\n<p>Yaron era ciudadano israel\u00ed nacido en Alemania, sirvi\u00f3 durante tres a\u00f1os en las<strong>\u00a0Fuerzas de Defensa de Israel\u00a0<\/strong>y ten\u00eda una maestr\u00eda en diplomacia y estrategia gubernamental de la\u00a0<strong>Universidad Reichman.<\/strong>\u00a0En redes sociales se describ\u00eda de la siguiente manera:\u00a0\u00aborgulloso de llamar hogar tanto a Jerusal\u00e9n como a N\u00faremberg\u00bb y como un hombre deseoso de \u00abexpandir el c\u00edrculo de paz con nuestro vecino \u00e1rabe\u00bb.<\/p>\n<p>Por su parte, Sarah\u00a0ten\u00eda una maestr\u00eda en\u00a0<strong>estudios internacionales<\/strong>\u00a0de la American University y otra en recursos naturales y desarrollo sostenible de la\u00a0<strong>Universidad de las Naciones Unidas para la Paz,<\/strong>\u00a0as\u00ed como una licenciatura<strong>\u00a0en estudios ambientales de la Universidad de Kansas.<\/strong><\/p>\n","protected":false},"excerpt":{"rendered":"<p>\u00ab\u00a1Palestina Libre!\u00bb,\u00a0fueron las palabras que lanz\u00f3 al aire tras ser arrestado\u00a0Elias Rodr\u00edguez, de 30 a\u00f1os, presunto autor del tiroteo que se registr\u00f3 la noche de este mi\u00e9rcoles 21 de mayo en la ciudad de\u00a0Washington, Estados Unidos,\u00a0y que dej\u00f3 dos empleados de la\u00a0Embajada de Israel muertos.\u00a0 Las dos v\u00edctimas, a las que el\u00a0Ministerio de Exteriores\u00a0israel\u00ed identific\u00f3 [&hellip;]<\/p>\n","protected":false},"author":2,"featured_media":219367,"comment_status":"closed","ping_status":"closed","sticky":false,"template":"","format":"standard","meta":{"footnotes":""},"categories":[12870,182],"tags":[12865,12871],"class_list":["post-219366","post","type-post","status-publish","format-standard","has-post-thumbnail","hentry","category-destacadas","category-internacional","tag-destacadas","tag-internacional"],"jetpack_featured_media_url":"https:\/\/rnoticias.com.mx\/Portal\/wp-content\/uploads\/2025\/05\/93c16c30-36db-11f0-b84e-417dbe11adb9.jpg.webp","amp_enabled":true,"_links":{"self":[{"href":"https:\/\/rnoticias.com.mx\/Portal\/wp-json\/wp\/v2\/posts\/219366","targetHints":{"allow":["GET"]}}],"collection":[{"href":"https:\/\/rnoticias.com.mx\/Portal\/wp-json\/wp\/v2\/posts"}],"about":[{"href":"https:\/\/rnoticias.com.mx\/Portal\/wp-json\/wp\/v2\/types\/post"}],"author":[{"embeddable":true,"href":"https:\/\/rnoticias.com.mx\/Portal\/wp-json\/wp\/v2\/users\/2"}],"replies":[{"embeddable":true,"href":"https:\/\/rnoticias.com.mx\/Portal\/wp-json\/wp\/v2\/comments?post=219366"}],"version-history":[{"count":1,"href":"https:\/\/rnoticias.com.mx\/Portal\/wp-json\/wp\/v2\/posts\/219366\/revisions"}],"predecessor-version":[{"id":219368,"href":"https:\/\/rnoticias.com.mx\/Portal\/wp-json\/wp\/v2\/posts\/219366\/revisions\/219368"}],"wp:featuredmedia":[{"embeddable":true,"href":"https:\/\/rnoticias.com.mx\/Portal\/wp-json\/wp\/v2\/media\/219367"}],"wp:attachment":[{"href":"https:\/\/rnoticias.com.mx\/Portal\/wp-json\/wp\/v2\/media?parent=219366"}],"wp:term":[{"taxonomy":"category","embeddable":true,"href":"https:\/\/rnoticias.com.mx\/Portal\/wp-json\/wp\/v2\/categories?post=219366"},{"taxonomy":"post_tag","embeddable":true,"href":"https:\/\/rnoticias.com.mx\/Portal\/wp-json\/wp\/v2\/tags?post=219366"}],"curies":[{"name":"wp","href":"https:\/\/api.w.org\/{rel}","templated":true}]}}