{"id":219347,"date":"2025-05-23T08:57:35","date_gmt":"2025-05-23T15:57:35","guid":{"rendered":"https:\/\/rnoticias.com.mx\/Portal\/?p=219347"},"modified":"2025-05-23T08:57:35","modified_gmt":"2025-05-23T15:57:35","slug":"gobernador-durazo-entregara-obra-de-mercado-municipal-n-1-de-hermosillo-a-las-y-los-locatarios","status":"publish","type":"post","link":"https:\/\/rnoticias.com.mx\/Portal\/2025\/05\/23\/gobernador-durazo-entregara-obra-de-mercado-municipal-n-1-de-hermosillo-a-las-y-los-locatarios\/","title":{"rendered":"Gobernador Durazo entregar\u00e1 obra de Mercado Municipal N\u00b0 1 de Hermosillo a las y los locatarios"},"content":{"rendered":"<p>Hermosillo, Sonora; 23 de mayo de 2025.- El pr\u00f3ximo lunes 26 de mayo, el gobernador Alfonso Durazo Monta\u00f1o har\u00e1 entrega oficial de la obra de remodelaci\u00f3n integral del Mercado Municipal N\u00famero 1 de Hermosillo a las y los locatarios, para que inicien el proceso de instalaci\u00f3n en sus nuevos espacios y, en breve, puedan reactivar sus actividades y abrir las puertas de este emblem\u00e1tico lugar a todas y todos los sonorenses.<\/p>\n<p>Con esta entrega, las y los comerciantes que por d\u00e9cadas han dado vida a este hist\u00f3rico recinto comenzar\u00e1n con la reinstalaci\u00f3n de sus negocios, con el objetivo de que muy pronto el mercado vuelva a ser ese punto de encuentro para familias, visitantes y turistas. Ser\u00e1 un espacio renovado para el disfrute colectivo, con servicios de calidad y el mismo esp\u00edritu tradicional que lo ha caracterizado por m\u00e1s de un siglo.<\/p>\n<p>Con m\u00e1s de 110 a\u00f1os de historia, el Mercado Municipal, tambi\u00e9n conocido como \u201cJos\u00e9 Mar\u00eda Pino Su\u00e1rez\u201d, ha sido punto de encuentro intergeneracional, s\u00edmbolo de identidad y coraz\u00f3n econ\u00f3mico del Centro Hist\u00f3rico de Hermosillo. Su restauraci\u00f3n marca un momento hist\u00f3rico, al tratarse de la primera rehabilitaci\u00f3n integral desde su inauguraci\u00f3n en 1913.<\/p>\n<p>Gracias a la visi\u00f3n del gobernador Durazo, esta obra se convirti\u00f3 en una intervenci\u00f3n sin precedentes, que incluy\u00f3 el reemplazo de estructuras da\u00f1adas, renovaci\u00f3n completa de instalaciones el\u00e9ctricas, hidr\u00e1ulicas y sanitarias, restauraci\u00f3n de fachadas, b\u00f3vedas y techos, as\u00ed como la modernizaci\u00f3n de espacios gastron\u00f3micos y comerciales.<\/p>\n<p>La rehabilitaci\u00f3n del mercado no solo preserva el valor patrimonial del inmueble, sino que lo transforma en un espacio digno, seguro, accesible y funcional para locatarios, visitantes y turistas. Se trata de la segunda obra de mayor relevancia hist\u00f3rica en Hermosillo en las \u00faltimas cuatro d\u00e9cadas, despu\u00e9s de la restauraci\u00f3n de la antigua Penitenciar\u00eda de Sonora.<\/p>\n<p>Esta entrega representa el cumplimiento de un anhelo colectivo, fruto del esfuerzo conjunto entre el Gobierno de Sonora, el Instituto Nacional de Antropolog\u00eda e Historia (INAH), los locatarios y la ciudadan\u00eda, que durante a\u00f1os defendieron la importancia de conservar este espacio.<\/p>\n<p>Con esta acci\u00f3n, el Gobierno de Sonora avanza en su compromiso de rescatar espacios p\u00fablicos que fortalecen el tejido social, impulsan el comercio local y reafirman la identidad cultural de nuestro estado.<\/p>\n","protected":false},"excerpt":{"rendered":"<p>Hermosillo, Sonora; 23 de mayo de 2025.- El pr\u00f3ximo lunes 26 de mayo, el gobernador Alfonso Durazo Monta\u00f1o har\u00e1 entrega oficial de la obra de remodelaci\u00f3n integral del Mercado Municipal N\u00famero 1 de Hermosillo a las y los locatarios, para que inicien el proceso de instalaci\u00f3n en sus nuevos espacios y, en breve, puedan reactivar [&hellip;]<\/p>\n","protected":false},"author":2,"featured_media":219348,"comment_status":"closed","ping_status":"closed","sticky":false,"template":"","format":"standard","meta":{"footnotes":""},"categories":[12870,178],"tags":[12865,12869],"class_list":["post-219347","post","type-post","status-publish","format-standard","has-post-thumbnail","hentry","category-destacadas","category-local","tag-destacadas","tag-local"],"jetpack_featured_media_url":"https:\/\/rnoticias.com.mx\/Portal\/wp-content\/uploads\/2025\/05\/adm-mercado.jpg","amp_enabled":true,"_links":{"self":[{"href":"https:\/\/rnoticias.com.mx\/Portal\/wp-json\/wp\/v2\/posts\/219347","targetHints":{"allow":["GET"]}}],"collection":[{"href":"https:\/\/rnoticias.com.mx\/Portal\/wp-json\/wp\/v2\/posts"}],"about":[{"href":"https:\/\/rnoticias.com.mx\/Portal\/wp-json\/wp\/v2\/types\/post"}],"author":[{"embeddable":true,"href":"https:\/\/rnoticias.com.mx\/Portal\/wp-json\/wp\/v2\/users\/2"}],"replies":[{"embeddable":true,"href":"https:\/\/rnoticias.com.mx\/Portal\/wp-json\/wp\/v2\/comments?post=219347"}],"version-history":[{"count":1,"href":"https:\/\/rnoticias.com.mx\/Portal\/wp-json\/wp\/v2\/posts\/219347\/revisions"}],"predecessor-version":[{"id":219349,"href":"https:\/\/rnoticias.com.mx\/Portal\/wp-json\/wp\/v2\/posts\/219347\/revisions\/219349"}],"wp:featuredmedia":[{"embeddable":true,"href":"https:\/\/rnoticias.com.mx\/Portal\/wp-json\/wp\/v2\/media\/219348"}],"wp:attachment":[{"href":"https:\/\/rnoticias.com.mx\/Portal\/wp-json\/wp\/v2\/media?parent=219347"}],"wp:term":[{"taxonomy":"category","embeddable":true,"href":"https:\/\/rnoticias.com.mx\/Portal\/wp-json\/wp\/v2\/categories?post=219347"},{"taxonomy":"post_tag","embeddable":true,"href":"https:\/\/rnoticias.com.mx\/Portal\/wp-json\/wp\/v2\/tags?post=219347"}],"curies":[{"name":"wp","href":"https:\/\/api.w.org\/{rel}","templated":true}]}}