{"id":219342,"date":"2025-05-22T20:07:56","date_gmt":"2025-05-23T03:07:56","guid":{"rendered":"https:\/\/rnoticias.com.mx\/Portal\/?p=219342"},"modified":"2025-05-22T20:07:56","modified_gmt":"2025-05-23T03:07:56","slug":"gobierno-de-sonora-refuerza-llamado-a-vacunar-contra-el-sarampion","status":"publish","type":"post","link":"https:\/\/rnoticias.com.mx\/Portal\/2025\/05\/22\/gobierno-de-sonora-refuerza-llamado-a-vacunar-contra-el-sarampion\/","title":{"rendered":"Gobierno de Sonora refuerza llamado a vacunar contra el sarampi\u00f3n"},"content":{"rendered":"<p align=\"justify\">Hermosillo, Sonora; 22 de mayo de 2025.- Con el objetivo de prevenir el sarampi\u00f3n y sus complicaciones, el Gobierno de Sonora, a trav\u00e9s de la Secretar\u00eda de Salud (SSP), reiter\u00f3 el llamado a la poblaci\u00f3n para aplicarse la vacuna triple viral (SRP), que protege contra sarampi\u00f3n, rub\u00e9ola y parotiditis.<\/p>\n<p align=\"justify\">La Secretar\u00eda de Salud detall\u00f3 que esta vacuna se aplica a ni\u00f1as y ni\u00f1os a los 12 y 18 meses de edad, as\u00ed como a los seis a\u00f1os. Est\u00e1 disponible de manera gratuita en todas las unidades de salud del estado, sin importar la derechohabiencia, ya que forma parte del esquema nacional de vacunaci\u00f3n universal.<\/p>\n<p align=\"justify\">Cabe destacar que, por disposici\u00f3n federal, en los municipios de Sonora donde se han presentado casos confirmados de la enfermedad, se vacunar\u00e1 contra el sarampi\u00f3n a las personas de entre 7 y 49 a\u00f1os de edad que no cuenten con la vacuna o no recuerden si se la aplicaron<\/p>\n<p align=\"justify\">El sarampi\u00f3n es una enfermedad altamente contagiosa que puede causar complicaciones severas, especialmente en menores de edad, personas con sistemas inmunol\u00f3gicos debilitados y adultos no vacunados. Entre los principales s\u00edntomas se encuentran fiebre alta, tos, escurrimiento nasal, ojos enrojecidos y exantema (sarpullido) que se extiende por todo el cuerpo.<\/p>\n<p align=\"justify\">Ante la presencia de estos s\u00edntomas, se exhort\u00f3 a la ciudadan\u00eda a no automedicarse y acudir de inmediato a su unidad de salud m\u00e1s cercana para recibir la atenci\u00f3n m\u00e9dica adecuada. La automedicaci\u00f3n puede ocultar los signos de la enfermedad y retrasar un diagn\u00f3stico oportuno, lo que representa un riesgo tanto para el paciente como para su comunidad.<\/p>\n<p align=\"justify\">Se record\u00f3 que se cuenta con puestos de vacunaci\u00f3n fijos y semifijos en todo el estado, ubicados en centros comerciales, plazas p\u00fablicas y lugares de mayor afluencia.<\/p>\n","protected":false},"excerpt":{"rendered":"<p>Hermosillo, Sonora; 22 de mayo de 2025.- Con el objetivo de prevenir el sarampi\u00f3n y sus complicaciones, el Gobierno de Sonora, a trav\u00e9s de la Secretar\u00eda de Salud (SSP), reiter\u00f3 el llamado a la poblaci\u00f3n para aplicarse la vacuna triple viral (SRP), que protege contra sarampi\u00f3n, rub\u00e9ola y parotiditis. La Secretar\u00eda de Salud detall\u00f3 que [&hellip;]<\/p>\n","protected":false},"author":2,"featured_media":219343,"comment_status":"closed","ping_status":"closed","sticky":false,"template":"","format":"standard","meta":{"footnotes":""},"categories":[12870,178],"tags":[12865,12869],"class_list":["post-219342","post","type-post","status-publish","format-standard","has-post-thumbnail","hentry","category-destacadas","category-local","tag-destacadas","tag-local"],"jetpack_featured_media_url":"https:\/\/rnoticias.com.mx\/Portal\/wp-content\/uploads\/2025\/05\/unnamed-2-11.jpg","amp_enabled":true,"_links":{"self":[{"href":"https:\/\/rnoticias.com.mx\/Portal\/wp-json\/wp\/v2\/posts\/219342","targetHints":{"allow":["GET"]}}],"collection":[{"href":"https:\/\/rnoticias.com.mx\/Portal\/wp-json\/wp\/v2\/posts"}],"about":[{"href":"https:\/\/rnoticias.com.mx\/Portal\/wp-json\/wp\/v2\/types\/post"}],"author":[{"embeddable":true,"href":"https:\/\/rnoticias.com.mx\/Portal\/wp-json\/wp\/v2\/users\/2"}],"replies":[{"embeddable":true,"href":"https:\/\/rnoticias.com.mx\/Portal\/wp-json\/wp\/v2\/comments?post=219342"}],"version-history":[{"count":1,"href":"https:\/\/rnoticias.com.mx\/Portal\/wp-json\/wp\/v2\/posts\/219342\/revisions"}],"predecessor-version":[{"id":219344,"href":"https:\/\/rnoticias.com.mx\/Portal\/wp-json\/wp\/v2\/posts\/219342\/revisions\/219344"}],"wp:featuredmedia":[{"embeddable":true,"href":"https:\/\/rnoticias.com.mx\/Portal\/wp-json\/wp\/v2\/media\/219343"}],"wp:attachment":[{"href":"https:\/\/rnoticias.com.mx\/Portal\/wp-json\/wp\/v2\/media?parent=219342"}],"wp:term":[{"taxonomy":"category","embeddable":true,"href":"https:\/\/rnoticias.com.mx\/Portal\/wp-json\/wp\/v2\/categories?post=219342"},{"taxonomy":"post_tag","embeddable":true,"href":"https:\/\/rnoticias.com.mx\/Portal\/wp-json\/wp\/v2\/tags?post=219342"}],"curies":[{"name":"wp","href":"https:\/\/api.w.org\/{rel}","templated":true}]}}