{"id":219303,"date":"2025-05-22T19:15:24","date_gmt":"2025-05-23T02:15:24","guid":{"rendered":"https:\/\/rnoticias.com.mx\/Portal\/?p=219303"},"modified":"2025-05-22T19:15:24","modified_gmt":"2025-05-23T02:15:24","slug":"contribuye-gobierno-de-sonora-al-desarrollo-de-estudiantes-de-carreras-de-la-salud","status":"publish","type":"post","link":"https:\/\/rnoticias.com.mx\/Portal\/2025\/05\/22\/contribuye-gobierno-de-sonora-al-desarrollo-de-estudiantes-de-carreras-de-la-salud\/","title":{"rendered":"Contribuye Gobierno de Sonora al desarrollo de estudiantes de carreras de la salud"},"content":{"rendered":"<p><b>Hermosillo, Sonora; 22 de mayo de 2025.-\u00a0<\/b>El Gobierno de Sonora, a trav\u00e9s del Instituto de Seguridad y Servicios Sociales de los Trabajadores del Estado de Sonora (Isssteson), firm\u00f3 convenios de colaboraci\u00f3n con la Universidad Tecnol\u00f3gica del Sur de Sonora (UTS), el Instituto Tecnol\u00f3gico de Sonora (Itson) unidad Guaymas y la Universidad de la Sierra (Unisierra), con el objetivo de abrir espacios de formaci\u00f3n para estudiantes de carreras relacionadas con el \u00e1rea de la salud.<\/p>\n<p>Se trata de convenios con los cuales los futuros profesionistas de enfermer\u00eda, medicina, nutrici\u00f3n, psicolog\u00eda y muchas otras carreras podr\u00e1n realizar su servicio social o pr\u00e1cticas profesionales en hospitales, Centros Integrales de Atenci\u00f3n a la Salud y m\u00f3dulos m\u00e9dicos del Instituto en la entidad.<\/p>\n<p>Con el respaldo del gobernador Alfonso Durazo Monta\u00f1o, el director de Isssteson, Luis Alonso Osuna Cota, recibi\u00f3 a los rectores de la UTS y de la Unisierra, Sergio Pablo Mariscal Alvarado y Juan Carlos Avil\u00e9s Miranda, respectivamente, as\u00ed como al director de la Unidad Guaymas del Itson, Humberto Aceves Guti\u00e9rrez, para signar el convenio con sus instituciones.<\/p>\n<p>El convenio de colaboraci\u00f3n forma parte del plan de alianzas estrat\u00e9gicas que Isssteson aplica para mejorar los servicios y la atenci\u00f3n a las y los derechohabientes, pero tambi\u00e9n para ofrecer a futuros profesionales de la salud las herramientas que les ayuden a maximizar su potencial, contando con el apoyo del personal del Instituto.<\/p>\n","protected":false},"excerpt":{"rendered":"<p>Hermosillo, Sonora; 22 de mayo de 2025.-\u00a0El Gobierno de Sonora, a trav\u00e9s del Instituto de Seguridad y Servicios Sociales de los Trabajadores del Estado de Sonora (Isssteson), firm\u00f3 convenios de colaboraci\u00f3n con la Universidad Tecnol\u00f3gica del Sur de Sonora (UTS), el Instituto Tecnol\u00f3gico de Sonora (Itson) unidad Guaymas y la Universidad de la Sierra (Unisierra), [&hellip;]<\/p>\n","protected":false},"author":2,"featured_media":219304,"comment_status":"closed","ping_status":"closed","sticky":false,"template":"","format":"standard","meta":{"footnotes":""},"categories":[12870,178],"tags":[12865,12869],"class_list":["post-219303","post","type-post","status-publish","format-standard","has-post-thumbnail","hentry","category-destacadas","category-local","tag-destacadas","tag-local"],"jetpack_featured_media_url":"https:\/\/rnoticias.com.mx\/Portal\/wp-content\/uploads\/2025\/05\/ISSSTESON2025-ConvenioUTS-2.jpeg","amp_enabled":true,"_links":{"self":[{"href":"https:\/\/rnoticias.com.mx\/Portal\/wp-json\/wp\/v2\/posts\/219303","targetHints":{"allow":["GET"]}}],"collection":[{"href":"https:\/\/rnoticias.com.mx\/Portal\/wp-json\/wp\/v2\/posts"}],"about":[{"href":"https:\/\/rnoticias.com.mx\/Portal\/wp-json\/wp\/v2\/types\/post"}],"author":[{"embeddable":true,"href":"https:\/\/rnoticias.com.mx\/Portal\/wp-json\/wp\/v2\/users\/2"}],"replies":[{"embeddable":true,"href":"https:\/\/rnoticias.com.mx\/Portal\/wp-json\/wp\/v2\/comments?post=219303"}],"version-history":[{"count":1,"href":"https:\/\/rnoticias.com.mx\/Portal\/wp-json\/wp\/v2\/posts\/219303\/revisions"}],"predecessor-version":[{"id":219305,"href":"https:\/\/rnoticias.com.mx\/Portal\/wp-json\/wp\/v2\/posts\/219303\/revisions\/219305"}],"wp:featuredmedia":[{"embeddable":true,"href":"https:\/\/rnoticias.com.mx\/Portal\/wp-json\/wp\/v2\/media\/219304"}],"wp:attachment":[{"href":"https:\/\/rnoticias.com.mx\/Portal\/wp-json\/wp\/v2\/media?parent=219303"}],"wp:term":[{"taxonomy":"category","embeddable":true,"href":"https:\/\/rnoticias.com.mx\/Portal\/wp-json\/wp\/v2\/categories?post=219303"},{"taxonomy":"post_tag","embeddable":true,"href":"https:\/\/rnoticias.com.mx\/Portal\/wp-json\/wp\/v2\/tags?post=219303"}],"curies":[{"name":"wp","href":"https:\/\/api.w.org\/{rel}","templated":true}]}}