{"id":219300,"date":"2025-05-22T19:14:25","date_gmt":"2025-05-23T02:14:25","guid":{"rendered":"https:\/\/rnoticias.com.mx\/Portal\/?p=219300"},"modified":"2025-05-22T19:14:25","modified_gmt":"2025-05-23T02:14:25","slug":"festejara-a-lo-grande-el-itson-su-70-aniversario","status":"publish","type":"post","link":"https:\/\/rnoticias.com.mx\/Portal\/2025\/05\/22\/festejara-a-lo-grande-el-itson-su-70-aniversario\/","title":{"rendered":"Festejar\u00e1 a lo grande el Itson su 70 aniversario"},"content":{"rendered":"<p>En julio pr\u00f3ximo el Instituto Tecnol\u00f3gico de Sonora (Itson) va a llegar a sus 70 a\u00f1os de vida y ante tal acontecimiento sus autoridades ya se preparan para festejar como se debe.<\/p>\n<p>&nbsp;<\/p>\n<p>El rector, Jes\u00fas H\u00e9ctor Hern\u00e1ndez L\u00f3pez, dio a conocer que, para este especial evento, se tienen programadas diferentes actividades para conmemorar las siete d\u00e9cadas de la instituci\u00f3n de educaci\u00f3n superior con sedes en el sur de Sonora y que en toda su historia ha visto egresar a m\u00e1s de 60 mil estudiantes.<\/p>\n<p>&nbsp;<\/p>\n<p><strong>\u201cVa a ver actividades relacionadas con historia, con convocatoria a egresados, una carrera y otros eventos que son necesarios para la misma sociedad que siempre ha ayudado y tambi\u00e9n festejen con el Itson, porque el Itson es de la sociedad\u201d, asever\u00f3.<\/strong><\/p>\n<p>&nbsp;<\/p>\n<p>Indic\u00f3, que esa universidad naci\u00f3 un 11 de julio de 1955 y desde hace siete d\u00e9cadas ha logrado forjar un reconocimiento e impacto entre la sociedad del sur de Sonora, adem\u00e1s de ser una de las dos universidades aut\u00f3nomas del estado.<\/p>\n<p>&nbsp;<\/p>\n<p>Finalmente, el rector del Itson, argument\u00f3 que para este nuevo festejo, el comit\u00e9 que se cre\u00f3 para coordinar todas sus actividades, ser\u00e1 el encargado de preparar todo lo relacionado con un nuevo aniversario m\u00e1s de la instituci\u00f3n educativa.<\/p>\n","protected":false},"excerpt":{"rendered":"<p>En julio pr\u00f3ximo el Instituto Tecnol\u00f3gico de Sonora (Itson) va a llegar a sus 70 a\u00f1os de vida y ante tal acontecimiento sus autoridades ya se preparan para festejar como se debe. &nbsp; El rector, Jes\u00fas H\u00e9ctor Hern\u00e1ndez L\u00f3pez, dio a conocer que, para este especial evento, se tienen programadas diferentes actividades para conmemorar las [&hellip;]<\/p>\n","protected":false},"author":2,"featured_media":219301,"comment_status":"closed","ping_status":"closed","sticky":false,"template":"","format":"standard","meta":{"footnotes":""},"categories":[12870,174],"tags":[12865,12873],"class_list":["post-219300","post","type-post","status-publish","format-standard","has-post-thumbnail","hentry","category-destacadas","category-estatal","tag-destacadas","tag-estatal"],"jetpack_featured_media_url":"https:\/\/rnoticias.com.mx\/Portal\/wp-content\/uploads\/2025\/05\/obregon-centro.jpg","amp_enabled":true,"_links":{"self":[{"href":"https:\/\/rnoticias.com.mx\/Portal\/wp-json\/wp\/v2\/posts\/219300","targetHints":{"allow":["GET"]}}],"collection":[{"href":"https:\/\/rnoticias.com.mx\/Portal\/wp-json\/wp\/v2\/posts"}],"about":[{"href":"https:\/\/rnoticias.com.mx\/Portal\/wp-json\/wp\/v2\/types\/post"}],"author":[{"embeddable":true,"href":"https:\/\/rnoticias.com.mx\/Portal\/wp-json\/wp\/v2\/users\/2"}],"replies":[{"embeddable":true,"href":"https:\/\/rnoticias.com.mx\/Portal\/wp-json\/wp\/v2\/comments?post=219300"}],"version-history":[{"count":1,"href":"https:\/\/rnoticias.com.mx\/Portal\/wp-json\/wp\/v2\/posts\/219300\/revisions"}],"predecessor-version":[{"id":219302,"href":"https:\/\/rnoticias.com.mx\/Portal\/wp-json\/wp\/v2\/posts\/219300\/revisions\/219302"}],"wp:featuredmedia":[{"embeddable":true,"href":"https:\/\/rnoticias.com.mx\/Portal\/wp-json\/wp\/v2\/media\/219301"}],"wp:attachment":[{"href":"https:\/\/rnoticias.com.mx\/Portal\/wp-json\/wp\/v2\/media?parent=219300"}],"wp:term":[{"taxonomy":"category","embeddable":true,"href":"https:\/\/rnoticias.com.mx\/Portal\/wp-json\/wp\/v2\/categories?post=219300"},{"taxonomy":"post_tag","embeddable":true,"href":"https:\/\/rnoticias.com.mx\/Portal\/wp-json\/wp\/v2\/tags?post=219300"}],"curies":[{"name":"wp","href":"https:\/\/api.w.org\/{rel}","templated":true}]}}