{"id":219237,"date":"2025-05-22T08:51:06","date_gmt":"2025-05-22T15:51:06","guid":{"rendered":"https:\/\/rnoticias.com.mx\/Portal\/?p=219237"},"modified":"2025-05-22T08:51:06","modified_gmt":"2025-05-22T15:51:06","slug":"israel-condena-como-antisemitismo-el-ataque-a-dos-miembros-de-su-embajada-en-ee-uu","status":"publish","type":"post","link":"https:\/\/rnoticias.com.mx\/Portal\/2025\/05\/22\/israel-condena-como-antisemitismo-el-ataque-a-dos-miembros-de-su-embajada-en-ee-uu\/","title":{"rendered":"Israel condena como \u201cantisemitismo\u201d el ataque a dos miembros de su embajada en EE.UU."},"content":{"rendered":"<p>El presidente de Israel, Isaac Herzog, calific\u00f3 como \u201cun acto despreciable de odio y antisemitismo\u201d el asesinato a balazos de dos miembros de la embajada israel\u00ed en EE.UU..<\/p>\n<p>Es un acto despreciable de odio y antisemitismo que se ha cobrado la vida de dos j\u00f3venes empleados de la embajada de Israel. Nuestros corazones est\u00e1n con los seres queridos de los asesinados y nuestras oraciones inmediatas est\u00e1n con los heridos\u201d, indic\u00f3 Herzog en un mensaje en redes sociales.<\/p>\n<p>El presidente israel\u00ed dijo estar \u201cdevastado\u201d por la noticia, y asegur\u00f3 que el \u201cterror y el odio\u201d no romper\u00e1n el esp\u00edritu del pa\u00eds.<\/p>\n<p>En un comunicado posterior, la oficina de Herzog detall\u00f3 que el mandatario habl\u00f3 por tel\u00e9fono con el embajador israel\u00ed en EE.UU., Yechiel Leiter, y con Ted Deutch, director ejecutivo del Comit\u00e9 Jud\u00edo Americano (AJC), que organizaba el evento en el que fueron asesinados los dos empleados.<\/p>\n<p>Herzog pidi\u00f3 a Leiter que transmitir sus condolencias al resto de los empleados de la embajada, y \u201cexpres\u00f3 su pesar por la tr\u00e1gica p\u00e9rdida de dos j\u00f3venes empleados de la Embajada de Israel, una pareja que pronto se comprometer\u00eda, que fueron asesinados en el ataque\u201d, explic\u00f3 la oficina.<\/p>\n<p>En su conversaci\u00f3n con Deutch, el presidente fue informado sobre el evento organizado por el AJC, en el que se reun\u00edan \u201cj\u00f3venes l\u00edderes\u201d de la comunidad jud\u00eda estadounidense.<\/p>\n<p>El ministro de Exteriores israel\u00ed, Gideon Saar, asegur\u00f3 que Israel est\u00e1 en contacto con Washington sobre lo ocurrido, y asegur\u00f3 que los representantes israel\u00edes en el mundo est\u00e1n especialmente expuestos al riesgo. \u201cIsrael no se rendir\u00e1 ante el terror\u201d, dijo Saar en un mensaje.<\/p>\n<p>Tambi\u00e9n el ministro israel\u00ed de Finanzas, Bezalel Smotrich, reaccion\u00f3 al ataque, atribuy\u00e9ndolo al \u201cmismo odio antisemita latente\u201d de los ataques del 7 de octubre de Ham\u00e1s.<\/p>\n<p>\u201cEste pueblo es m\u00e1s fuerte que cualquier odio y superar\u00e1 el deseo de asesinar de sus enemigos\u201d, dijo Smotrich.<\/p>\n<p>Los dos empleados de la embajada asesinados se encontraban en el exterior del Museo Jud\u00edo de la Capital en Washington, donde se estaba celebrando el evento del AJC, cuando fueron tiroteados. El Departamento de la Polic\u00eda Metropolitana y el FBI contin\u00faan investigando el suceso.<\/p>\n","protected":false},"excerpt":{"rendered":"<p>El presidente de Israel, Isaac Herzog, calific\u00f3 como \u201cun acto despreciable de odio y antisemitismo\u201d el asesinato a balazos de dos miembros de la embajada israel\u00ed en EE.UU.. Es un acto despreciable de odio y antisemitismo que se ha cobrado la vida de dos j\u00f3venes empleados de la embajada de Israel. Nuestros corazones est\u00e1n con [&hellip;]<\/p>\n","protected":false},"author":2,"featured_media":219238,"comment_status":"closed","ping_status":"closed","sticky":false,"template":"","format":"standard","meta":{"footnotes":""},"categories":[12870,182],"tags":[12865,12871],"class_list":["post-219237","post","type-post","status-publish","format-standard","has-post-thumbnail","hentry","category-destacadas","category-internacional","tag-destacadas","tag-internacional"],"jetpack_featured_media_url":"https:\/\/rnoticias.com.mx\/Portal\/wp-content\/uploads\/2025\/05\/000_47N88FJ.jpg","amp_enabled":true,"_links":{"self":[{"href":"https:\/\/rnoticias.com.mx\/Portal\/wp-json\/wp\/v2\/posts\/219237","targetHints":{"allow":["GET"]}}],"collection":[{"href":"https:\/\/rnoticias.com.mx\/Portal\/wp-json\/wp\/v2\/posts"}],"about":[{"href":"https:\/\/rnoticias.com.mx\/Portal\/wp-json\/wp\/v2\/types\/post"}],"author":[{"embeddable":true,"href":"https:\/\/rnoticias.com.mx\/Portal\/wp-json\/wp\/v2\/users\/2"}],"replies":[{"embeddable":true,"href":"https:\/\/rnoticias.com.mx\/Portal\/wp-json\/wp\/v2\/comments?post=219237"}],"version-history":[{"count":1,"href":"https:\/\/rnoticias.com.mx\/Portal\/wp-json\/wp\/v2\/posts\/219237\/revisions"}],"predecessor-version":[{"id":219239,"href":"https:\/\/rnoticias.com.mx\/Portal\/wp-json\/wp\/v2\/posts\/219237\/revisions\/219239"}],"wp:featuredmedia":[{"embeddable":true,"href":"https:\/\/rnoticias.com.mx\/Portal\/wp-json\/wp\/v2\/media\/219238"}],"wp:attachment":[{"href":"https:\/\/rnoticias.com.mx\/Portal\/wp-json\/wp\/v2\/media?parent=219237"}],"wp:term":[{"taxonomy":"category","embeddable":true,"href":"https:\/\/rnoticias.com.mx\/Portal\/wp-json\/wp\/v2\/categories?post=219237"},{"taxonomy":"post_tag","embeddable":true,"href":"https:\/\/rnoticias.com.mx\/Portal\/wp-json\/wp\/v2\/tags?post=219237"}],"curies":[{"name":"wp","href":"https:\/\/api.w.org\/{rel}","templated":true}]}}