{"id":219225,"date":"2025-05-22T08:36:48","date_gmt":"2025-05-22T15:36:48","guid":{"rendered":"https:\/\/rnoticias.com.mx\/Portal\/?p=219225"},"modified":"2025-05-22T08:36:48","modified_gmt":"2025-05-22T15:36:48","slug":"impulsa-gobierno-de-sonora-vocaciones-cientificas-en-mujeres-de-la-sierra","status":"publish","type":"post","link":"https:\/\/rnoticias.com.mx\/Portal\/2025\/05\/22\/impulsa-gobierno-de-sonora-vocaciones-cientificas-en-mujeres-de-la-sierra\/","title":{"rendered":"Impulsa Gobierno de Sonora vocaciones cient\u00edficas en mujeres de la Sierra"},"content":{"rendered":"<p>Moctezuma, Sonora; 22 de mayo de 2025.\u2013 Como parte de su compromiso con la inclusi\u00f3n, la equidad y el desarrollo regional, el Gobierno de Sonora, a trav\u00e9s del Consejo Estatal de Ciencia y Tecnolog\u00eda (Coecyt), llev\u00f3 a cabo con gran \u00e9xito el foro \u201cCambiando el Chip\u201d, en las instalaciones de la Universidad de la Sierra, en Moctezuma, Sonora.<\/p>\n<p>El evento tuvo como objetivo principal fomentar vocaciones cient\u00edficas y tecnol\u00f3gicas en ni\u00f1as y j\u00f3venes mujeres, promoviendo el inter\u00e9s en las \u00e1reas STEAM (Ciencia, Tecnolog\u00eda, Ingenier\u00eda, Artes y Matem\u00e1ticas), especialmente en zonas marginadas y comunidades ind\u00edgenas.<\/p>\n<p>Con la participaci\u00f3n de 120 ni\u00f1as y j\u00f3venes estudiantes de los municipios de Moctezuma, Cumpas y Granados, el foro se consolid\u00f3 como una plataforma estrat\u00e9gica de transformaci\u00f3n social. En colaboraci\u00f3n con la Secretar\u00eda de Educaci\u00f3n y Cultura y la Secretar\u00eda de las Mujeres, el evento ofreci\u00f3 espacios de aprendizaje, reflexi\u00f3n y empoderamiento femenino en ciencia, investigaci\u00f3n, tecnolog\u00eda, arte y liderazgo.<\/p>\n<p>El programa incluy\u00f3 un panel con alumnas destacadas y participantes del Seminario Mujeres en STEM, conferencias impartidas por mujeres l\u00edderes ind\u00edgenas, as\u00ed como la presentaci\u00f3n de casos de \u00e9xito de emprendedoras locales e investigadoras reconocidas en el estado. Estas experiencias permitieron inspirar a nuevas generaciones de mujeres a visualizar su futuro en \u00e1reas estrat\u00e9gicas para el desarrollo de Sonora.<\/p>\n<p>Este foro representa un paso m\u00e1s en la transformaci\u00f3n profunda que vive el estado bajo la visi\u00f3n del gobernador Alfonso Durazo, quien ha reafirmado su compromiso con la equidad de g\u00e9nero, el fortalecimiento educativo y la ciencia como motor de bienestar social. El Gobierno de Sonora continuar\u00e1 impulsando acciones que abran caminos reales a las juventudes, asegurando que el talento femenino tenga las condiciones necesarias para florecer en todos los rincones del estado.<\/p>\n<p>El evento \u201cCambiando el Chip\u201d es solo el inicio de una ruta sostenida de trabajo interinstitucional, que tendr\u00e1 continuidad con nuevos espacios de formaci\u00f3n, mentor\u00eda y vinculaci\u00f3n para las j\u00f3venes sonorenses. Sonora est\u00e1 cambiando, y lo est\u00e1 haciendo con resultados visibles y con la fuerza de las mujeres.<\/p>\n","protected":false},"excerpt":{"rendered":"<p>Moctezuma, Sonora; 22 de mayo de 2025.\u2013 Como parte de su compromiso con la inclusi\u00f3n, la equidad y el desarrollo regional, el Gobierno de Sonora, a trav\u00e9s del Consejo Estatal de Ciencia y Tecnolog\u00eda (Coecyt), llev\u00f3 a cabo con gran \u00e9xito el foro \u201cCambiando el Chip\u201d, en las instalaciones de la Universidad de la Sierra, [&hellip;]<\/p>\n","protected":false},"author":2,"featured_media":219226,"comment_status":"closed","ping_status":"closed","sticky":false,"template":"","format":"standard","meta":{"footnotes":""},"categories":[12870,174],"tags":[12865,12873],"class_list":["post-219225","post","type-post","status-publish","format-standard","has-post-thumbnail","hentry","category-destacadas","category-estatal","tag-destacadas","tag-estatal"],"jetpack_featured_media_url":"https:\/\/rnoticias.com.mx\/Portal\/wp-content\/uploads\/2025\/05\/unnamed-103.jpg","amp_enabled":true,"_links":{"self":[{"href":"https:\/\/rnoticias.com.mx\/Portal\/wp-json\/wp\/v2\/posts\/219225","targetHints":{"allow":["GET"]}}],"collection":[{"href":"https:\/\/rnoticias.com.mx\/Portal\/wp-json\/wp\/v2\/posts"}],"about":[{"href":"https:\/\/rnoticias.com.mx\/Portal\/wp-json\/wp\/v2\/types\/post"}],"author":[{"embeddable":true,"href":"https:\/\/rnoticias.com.mx\/Portal\/wp-json\/wp\/v2\/users\/2"}],"replies":[{"embeddable":true,"href":"https:\/\/rnoticias.com.mx\/Portal\/wp-json\/wp\/v2\/comments?post=219225"}],"version-history":[{"count":1,"href":"https:\/\/rnoticias.com.mx\/Portal\/wp-json\/wp\/v2\/posts\/219225\/revisions"}],"predecessor-version":[{"id":219227,"href":"https:\/\/rnoticias.com.mx\/Portal\/wp-json\/wp\/v2\/posts\/219225\/revisions\/219227"}],"wp:featuredmedia":[{"embeddable":true,"href":"https:\/\/rnoticias.com.mx\/Portal\/wp-json\/wp\/v2\/media\/219226"}],"wp:attachment":[{"href":"https:\/\/rnoticias.com.mx\/Portal\/wp-json\/wp\/v2\/media?parent=219225"}],"wp:term":[{"taxonomy":"category","embeddable":true,"href":"https:\/\/rnoticias.com.mx\/Portal\/wp-json\/wp\/v2\/categories?post=219225"},{"taxonomy":"post_tag","embeddable":true,"href":"https:\/\/rnoticias.com.mx\/Portal\/wp-json\/wp\/v2\/tags?post=219225"}],"curies":[{"name":"wp","href":"https:\/\/api.w.org\/{rel}","templated":true}]}}