{"id":219222,"date":"2025-05-22T08:36:03","date_gmt":"2025-05-22T15:36:03","guid":{"rendered":"https:\/\/rnoticias.com.mx\/Portal\/?p=219222"},"modified":"2025-05-22T08:36:03","modified_gmt":"2025-05-22T15:36:03","slug":"belinda-desata-polemica-por-hacerle-el-feo-en-cannes-a-luis-torres-maquillista-de-angela-aguilar","status":"publish","type":"post","link":"https:\/\/rnoticias.com.mx\/Portal\/2025\/05\/22\/belinda-desata-polemica-por-hacerle-el-feo-en-cannes-a-luis-torres-maquillista-de-angela-aguilar\/","title":{"rendered":"Belinda desata pol\u00e9mica por \u00abhacerle el feo\u00bb en Cannes a Luis Torres, maquillista de \u00c1ngela Aguilar"},"content":{"rendered":"<p>El\u00a0<strong>Festival de Cine de Cannes\u00a0<\/strong>celebra su edici\u00f3n 78 con un desfile de glamour y elegancia a trav\u00e9s de los looks de las figuras invitadas, entre ellas\u00a0<strong>Belinda<\/strong>\u00a0que cautiv\u00f3 a la prensa internacional derrochando belleza a su paso por la alfombra roja. La cantante se convirti\u00f3 en el foco de atenci\u00f3n tanto ante\u00a0los reflectores como para otros invitados que esperaban tener una foto con a ella, como el\u00a0<strong>maquillista Luis Torres\u00a0<\/strong>que no obtuvo el resultado que esperaba y vivi\u00f3 un\u00a0<strong>inc\u00f3modo<\/strong>\u00a0momento.<\/p>\n<p>Importantes eventos del cine, la m\u00fasica y la televisi\u00f3n se han convertido en aliados para la\u00a0<strong>industria de la moda\u00a0<\/strong>ya que\u00a0las estrellas invitadas lucen lo mejor de las tendencias a trav\u00e9s de atuendos pertenecientes a\u00a0destacadas casas de moda y conocidos\u00a0<strong>dise\u00f1adores.\u00a0<\/strong>Adem\u00e1s, es una oportunidad para que destacadas figuras en el mundo de la belleza se abran paso hacia el \u00e9xito impulsando su fama, tal y como ocurri\u00f3 con Luis Torres cuyo trabajo lo ha llevado a trabajar en sitios como la Semana de la Moda en Nueva York, aunque esto no lo salv\u00f3 del esc\u00e1ndalo.<\/p>\n<h2>\u00bfBelinda ignor\u00f3 al maquillista Luis Torres?<\/h2>\n<p>La int\u00e9rprete de \u00abLuz sin gravedad\u00bb\u00a0<strong>y Luis Torres\u00a0<\/strong>acudieron al Festival de Cine de Cannes como invitados de una marca de productos de belleza, por lo que aparecieron en importantes eventos y desfilaron por la<strong>\u00a0alfombra roja,\u00a0<\/strong>donde protagonizaron un inc\u00f3modo momento que se hizo viral generando un intenso debate en redes sociales.<\/p>\n<p>En las im\u00e1genes se observa que el\u00a0<strong>maquillista<\/strong>\u00a0intentar\u00eda tomarse una foto con Belinda, incluso parece dirigirla ante los fot\u00f3grafos; sin embargo, fue la reacci\u00f3n de la cantante lo que gener\u00f3 pol\u00e9mica ya que, pese a que lo habr\u00eda escuchado, ella parece ignorarlo y contin\u00faa caminando por la alfombra roja. Algunos internautas destacaron el gesto de la tambi\u00e9n actriz, pues aseguraron que ser\u00eda de\u00a0<strong>desagrado<\/strong>\u00a0debido a que el experto en belleza ha trabajado de cerca con<strong>\u00a0\u00c1ngela Aguilar.<\/strong><\/p>\n<aside class=\"htmlinline\"><\/aside>\n<h2>\u00bfQui\u00e9n es Luis Torres?\u00a0Maquillista mexicano que conquista la industria con su trabajo<\/h2>\n<p>Originario de \u00a0Chimaltit\u00e1n,\u00a0<strong>Jalisco<\/strong>, Luis Torres ha destacado por su trabajo en la industria de la belleza, sobre todo cuando se trata de maquillaje. Comenz\u00f3 su carrera a los 17 a\u00f1os enfoc\u00e1ndose en peinados, pero esto cambi\u00f3 al descubrir su talento resaltando el atractivo natural de las personas y elevando su autoestima a trav\u00e9s del\u00a0<strong>maquillaje<\/strong>. Fue gracias a esto que logr\u00f3 abrirse paso con importantes marcas, como M.A.C Cosmetics que le permiti\u00f3 perfeccionar su t\u00e9cnica.<\/p>\n<p>Luis Torres ha dado muestra de su talento en eventos nacionales e internacionales como la Semana de la Moda en Nueva York, Mil\u00e1n, Par\u00eds y S\u00e3o Paulo en las que trabaja de la mano con importantes figuras de la industria entre dise\u00f1adores y marcas de lujo. Tambi\u00e9n ha trabajado para personalidades como\u00a0<strong>Kendall Jenner<\/strong>, Anitta, Ana Brenda Contreras, Manelyk Gonz\u00e1lez y Galilea Montijo.<\/p>\n","protected":false},"excerpt":{"rendered":"<p>El\u00a0Festival de Cine de Cannes\u00a0celebra su edici\u00f3n 78 con un desfile de glamour y elegancia a trav\u00e9s de los looks de las figuras invitadas, entre ellas\u00a0Belinda\u00a0que cautiv\u00f3 a la prensa internacional derrochando belleza a su paso por la alfombra roja. La cantante se convirti\u00f3 en el foco de atenci\u00f3n tanto ante\u00a0los reflectores como para otros [&hellip;]<\/p>\n","protected":false},"author":2,"featured_media":219223,"comment_status":"closed","ping_status":"closed","sticky":false,"template":"","format":"standard","meta":{"footnotes":""},"categories":[12870,219],"tags":[12865,12875],"class_list":["post-219222","post","type-post","status-publish","format-standard","has-post-thumbnail","hentry","category-destacadas","category-espectaculos","tag-destacadas","tag-espectaculos"],"jetpack_featured_media_url":"https:\/\/rnoticias.com.mx\/Portal\/wp-content\/uploads\/2025\/05\/f1280x720-1129443_1261118_3137.jpg","amp_enabled":true,"_links":{"self":[{"href":"https:\/\/rnoticias.com.mx\/Portal\/wp-json\/wp\/v2\/posts\/219222","targetHints":{"allow":["GET"]}}],"collection":[{"href":"https:\/\/rnoticias.com.mx\/Portal\/wp-json\/wp\/v2\/posts"}],"about":[{"href":"https:\/\/rnoticias.com.mx\/Portal\/wp-json\/wp\/v2\/types\/post"}],"author":[{"embeddable":true,"href":"https:\/\/rnoticias.com.mx\/Portal\/wp-json\/wp\/v2\/users\/2"}],"replies":[{"embeddable":true,"href":"https:\/\/rnoticias.com.mx\/Portal\/wp-json\/wp\/v2\/comments?post=219222"}],"version-history":[{"count":1,"href":"https:\/\/rnoticias.com.mx\/Portal\/wp-json\/wp\/v2\/posts\/219222\/revisions"}],"predecessor-version":[{"id":219224,"href":"https:\/\/rnoticias.com.mx\/Portal\/wp-json\/wp\/v2\/posts\/219222\/revisions\/219224"}],"wp:featuredmedia":[{"embeddable":true,"href":"https:\/\/rnoticias.com.mx\/Portal\/wp-json\/wp\/v2\/media\/219223"}],"wp:attachment":[{"href":"https:\/\/rnoticias.com.mx\/Portal\/wp-json\/wp\/v2\/media?parent=219222"}],"wp:term":[{"taxonomy":"category","embeddable":true,"href":"https:\/\/rnoticias.com.mx\/Portal\/wp-json\/wp\/v2\/categories?post=219222"},{"taxonomy":"post_tag","embeddable":true,"href":"https:\/\/rnoticias.com.mx\/Portal\/wp-json\/wp\/v2\/tags?post=219222"}],"curies":[{"name":"wp","href":"https:\/\/api.w.org\/{rel}","templated":true}]}}