{"id":219219,"date":"2025-05-22T08:08:25","date_gmt":"2025-05-22T15:08:25","guid":{"rendered":"https:\/\/rnoticias.com.mx\/Portal\/?p=219219"},"modified":"2025-05-22T08:08:25","modified_gmt":"2025-05-22T15:08:25","slug":"fortalece-gobierno-de-sonora-atencion-de-la-salud-mental","status":"publish","type":"post","link":"https:\/\/rnoticias.com.mx\/Portal\/2025\/05\/22\/fortalece-gobierno-de-sonora-atencion-de-la-salud-mental\/","title":{"rendered":"Fortalece Gobierno de Sonora atenci\u00f3n de la salud mental"},"content":{"rendered":"<p align=\"justify\">Hermosillo, Sonora; 22 de mayo de 2025.- Con la participaci\u00f3n de personal del Isssteson, as\u00ed como de instituciones p\u00fablicas y privadas, y estudiantes de distintas universidades, concluy\u00f3 la primera Actualizaci\u00f3n en Materia de Salud Mental, realizada en el Centro M\u00e9dico \u201cDr. Ignacio Ch\u00e1vez\u201d.<\/p>\n<p align=\"justify\">Durante esta jornada, especialistas abordaron temas como estr\u00e9s, ansiedad, depresi\u00f3n, psicosis, trastornos mentales y conductuales, e intervenci\u00f3n psicol\u00f3gica en cirug\u00eda bari\u00e1trica, entre otros, beneficiando a m\u00e1s de 160 trabajadores de la salud provenientes de siete municipios.<\/p>\n<p align=\"justify\">Esta actividad forma parte del compromiso del Gobierno de Sonora, encabezado por Alfonso Durazo Monta\u00f1o, con la salud y el bienestar de los sonorenses.<\/p>\n<p align=\"justify\">La actualizaci\u00f3n se llev\u00f3 a cabo de forma presencial en Hermosillo y fue transmitida en l\u00ednea, v\u00eda Zoom, a los municipios de Cajeme, Navojoa, Nogales, Guaymas, Huatabampo, San Luis R\u00edo Colorado, as\u00ed como a personal de salud del estado de Durango.<\/p>\n<p align=\"justify\">En la ceremonia de clausura estuvieron presentes, en representaci\u00f3n del director general del Isssteson, maestro Luis Alonso Osuna Cota, el doctor Vladimir Ortiz Rodr\u00edguez, coordinador de hospitales del Instituto; Judith Muro Zepeda, coordinadora del Programa de Salud Mental de la Direcci\u00f3n de Salud Mental y Adicciones de la Secretar\u00eda de Salud; y el doctor Michael Silva Baltazar, director del Centro M\u00e9dico \u201cDr. Ignacio Ch\u00e1vez\u201d.<\/p>\n","protected":false},"excerpt":{"rendered":"<p>Hermosillo, Sonora; 22 de mayo de 2025.- Con la participaci\u00f3n de personal del Isssteson, as\u00ed como de instituciones p\u00fablicas y privadas, y estudiantes de distintas universidades, concluy\u00f3 la primera Actualizaci\u00f3n en Materia de Salud Mental, realizada en el Centro M\u00e9dico \u201cDr. Ignacio Ch\u00e1vez\u201d. Durante esta jornada, especialistas abordaron temas como estr\u00e9s, ansiedad, depresi\u00f3n, psicosis, trastornos [&hellip;]<\/p>\n","protected":false},"author":2,"featured_media":219220,"comment_status":"closed","ping_status":"closed","sticky":false,"template":"","format":"standard","meta":{"footnotes":""},"categories":[12870,178],"tags":[12865,12869],"class_list":["post-219219","post","type-post","status-publish","format-standard","has-post-thumbnail","hentry","category-destacadas","category-local","tag-destacadas","tag-local"],"jetpack_featured_media_url":"https:\/\/rnoticias.com.mx\/Portal\/wp-content\/uploads\/2025\/05\/unnamed-102.jpg","amp_enabled":true,"_links":{"self":[{"href":"https:\/\/rnoticias.com.mx\/Portal\/wp-json\/wp\/v2\/posts\/219219","targetHints":{"allow":["GET"]}}],"collection":[{"href":"https:\/\/rnoticias.com.mx\/Portal\/wp-json\/wp\/v2\/posts"}],"about":[{"href":"https:\/\/rnoticias.com.mx\/Portal\/wp-json\/wp\/v2\/types\/post"}],"author":[{"embeddable":true,"href":"https:\/\/rnoticias.com.mx\/Portal\/wp-json\/wp\/v2\/users\/2"}],"replies":[{"embeddable":true,"href":"https:\/\/rnoticias.com.mx\/Portal\/wp-json\/wp\/v2\/comments?post=219219"}],"version-history":[{"count":1,"href":"https:\/\/rnoticias.com.mx\/Portal\/wp-json\/wp\/v2\/posts\/219219\/revisions"}],"predecessor-version":[{"id":219221,"href":"https:\/\/rnoticias.com.mx\/Portal\/wp-json\/wp\/v2\/posts\/219219\/revisions\/219221"}],"wp:featuredmedia":[{"embeddable":true,"href":"https:\/\/rnoticias.com.mx\/Portal\/wp-json\/wp\/v2\/media\/219220"}],"wp:attachment":[{"href":"https:\/\/rnoticias.com.mx\/Portal\/wp-json\/wp\/v2\/media?parent=219219"}],"wp:term":[{"taxonomy":"category","embeddable":true,"href":"https:\/\/rnoticias.com.mx\/Portal\/wp-json\/wp\/v2\/categories?post=219219"},{"taxonomy":"post_tag","embeddable":true,"href":"https:\/\/rnoticias.com.mx\/Portal\/wp-json\/wp\/v2\/tags?post=219219"}],"curies":[{"name":"wp","href":"https:\/\/api.w.org\/{rel}","templated":true}]}}