{"id":219209,"date":"2025-05-21T21:17:23","date_gmt":"2025-05-22T04:17:23","guid":{"rendered":"https:\/\/rnoticias.com.mx\/Portal\/?p=219209"},"modified":"2025-05-21T21:17:23","modified_gmt":"2025-05-22T04:17:23","slug":"el-pueblo-esta-listo-para-transformar-el-poder-judicial-heriberto-aguilar","status":"publish","type":"post","link":"https:\/\/rnoticias.com.mx\/Portal\/2025\/05\/21\/el-pueblo-esta-listo-para-transformar-el-poder-judicial-heriberto-aguilar\/","title":{"rendered":"\u201cEl pueblo est\u00e1 listo para transformar el Poder Judicial\u201d: Heriberto Aguilar"},"content":{"rendered":"<div>Ciudad Obreg\u00f3n, Sonora | 21 de mayo de 2025.- Durante un recorrido casa por casa en la colonia Faustino F\u00e9lix Serna, en Ciudad Obreg\u00f3n, el senador por Sonora, Heriberto Aguilar Castillo, asegur\u00f3 que el pueblo est\u00e1 preparado para hacer historia y participar en la elecci\u00f3n in\u00e9dita del pr\u00f3ximo 1\u00ba de junio, en la que por primera vez se elegir\u00e1 democr\u00e1ticamente a quienes imparten justicia en M\u00e9xico.<\/div>\n<div><\/div>\n<div>\u201cCuando el pueblo participa, nada lo detiene. Lo veo todos los d\u00edas en los recorridos: hay claridad, inter\u00e9s y decisi\u00f3n. El pueblo est\u00e1 listo para transformar el Poder Judicial\u201d, afirm\u00f3 el legislador sonorense.<\/div>\n<div><\/div>\n<div>Durante su visita, recibi\u00f3 comentarios que reflejan el sentir popular:<\/div>\n<div>\u201cEs tiempo de que el pueblo tenga verdadera justicia\u201d, expres\u00f3 un vecino.<\/div>\n<div>Otra vecina le dijo: \u201cLa justicia debe ser para todos, no solo para los que tienen m\u00e1s.\u201d<\/div>\n<div>Y otro m\u00e1s resumi\u00f3 el sentir de muchos: \u201cHay que limpiar y sacudir el \u00e1rbol.\u201d<\/div>\n<div><\/div>\n<div>Aguilar record\u00f3 que la transformaci\u00f3n del Poder Judicial fue parte de la oferta pol\u00edtica de Morena, y que fue avalada por la mayor\u00eda ciudadana en las urnas. \u201cEsta reforma busca terminar con los privilegios, el influyentismo y el nepotismo. Por eso es tan importante que el pueblo participe y decida.\u201d<\/div>\n<div><\/div>\n<div>\u201cTodo proceso profundo genera preguntas, y es natural. Pero la ciudadan\u00eda se est\u00e1 informando y prepar\u00e1ndose para ejercer su derecho con plena conciencia\u201d, a\u00f1adi\u00f3.<\/div>\n<div><\/div>\n<div>Explic\u00f3 que el 1\u00ba de junio se entregar\u00e1n seis boletas para elegir los cargos del Poder Judicial de la Federaci\u00f3n, y tres o cuatro boletas adicionales, seg\u00fan la regi\u00f3n, para los cargos del Poder Judicial del Estado.<\/div>\n<div><\/div>\n<div>En total, en Sonora se votar\u00e1 por 42 cargos federales, que incluyen:<\/div>\n<div>\u20229 ministras y ministros de la Suprema Corte<\/div>\n<div>\u20225 integrantes del Tribunal de Disciplina Judicial<\/div>\n<div>\u20222 magistraturas de la Sala Superior del Tribunal Electoral<\/div>\n<div>\u20223 magistraturas de la Sala Regional<\/div>\n<div>\u202210 juezas y jueces<\/div>\n<div>\u202213 magistraturas de Tribunales Colegiados de Circuito<\/div>\n<div><\/div>\n<div>Adem\u00e1s, se elegir\u00e1n 50 cargos del Poder Judicial del Estado, con 145 candidaturas registradas.<\/div>\n<div><\/div>\n<div>El senador invit\u00f3 a prepararse con anticipaci\u00f3n visitando los sitios oficiales del INE:<\/div>\n<div><\/div>\n<div>candidaturaspoderjudicial.ine.mx<\/div>\n<div><\/div>\n<div>practicatuvotopj.ine.mx<\/div>\n<div><\/div>\n<div>\u201cLa justicia tambi\u00e9n se construye desde abajo, con el voto del pueblo. Este 1\u00ba de junio salgamos a votar con dignidad, con conciencia y con fuerza. La participaci\u00f3n es la v\u00eda para que el poder realmente est\u00e9 en manos del pueblo\u201d, concluy\u00f3 Aguilar.<\/div>\n","protected":false},"excerpt":{"rendered":"<p>Ciudad Obreg\u00f3n, Sonora | 21 de mayo de 2025.- Durante un recorrido casa por casa en la colonia Faustino F\u00e9lix Serna, en Ciudad Obreg\u00f3n, el senador por Sonora, Heriberto Aguilar Castillo, asegur\u00f3 que el pueblo est\u00e1 preparado para hacer historia y participar en la elecci\u00f3n in\u00e9dita del pr\u00f3ximo 1\u00ba de junio, en la que por [&hellip;]<\/p>\n","protected":false},"author":2,"featured_media":219210,"comment_status":"closed","ping_status":"closed","sticky":false,"template":"","format":"standard","meta":{"footnotes":""},"categories":[12870,12868],"tags":[12865,12879],"class_list":["post-219209","post","type-post","status-publish","format-standard","has-post-thumbnail","hentry","category-destacadas","category-politica","tag-destacadas","tag-politica"],"jetpack_featured_media_url":"https:\/\/rnoticias.com.mx\/Portal\/wp-content\/uploads\/2025\/05\/84a4d7c3-1b3d-4e82-b4d9-614fe2413300-scaled.jpg","amp_enabled":true,"_links":{"self":[{"href":"https:\/\/rnoticias.com.mx\/Portal\/wp-json\/wp\/v2\/posts\/219209","targetHints":{"allow":["GET"]}}],"collection":[{"href":"https:\/\/rnoticias.com.mx\/Portal\/wp-json\/wp\/v2\/posts"}],"about":[{"href":"https:\/\/rnoticias.com.mx\/Portal\/wp-json\/wp\/v2\/types\/post"}],"author":[{"embeddable":true,"href":"https:\/\/rnoticias.com.mx\/Portal\/wp-json\/wp\/v2\/users\/2"}],"replies":[{"embeddable":true,"href":"https:\/\/rnoticias.com.mx\/Portal\/wp-json\/wp\/v2\/comments?post=219209"}],"version-history":[{"count":1,"href":"https:\/\/rnoticias.com.mx\/Portal\/wp-json\/wp\/v2\/posts\/219209\/revisions"}],"predecessor-version":[{"id":219211,"href":"https:\/\/rnoticias.com.mx\/Portal\/wp-json\/wp\/v2\/posts\/219209\/revisions\/219211"}],"wp:featuredmedia":[{"embeddable":true,"href":"https:\/\/rnoticias.com.mx\/Portal\/wp-json\/wp\/v2\/media\/219210"}],"wp:attachment":[{"href":"https:\/\/rnoticias.com.mx\/Portal\/wp-json\/wp\/v2\/media?parent=219209"}],"wp:term":[{"taxonomy":"category","embeddable":true,"href":"https:\/\/rnoticias.com.mx\/Portal\/wp-json\/wp\/v2\/categories?post=219209"},{"taxonomy":"post_tag","embeddable":true,"href":"https:\/\/rnoticias.com.mx\/Portal\/wp-json\/wp\/v2\/tags?post=219209"}],"curies":[{"name":"wp","href":"https:\/\/api.w.org\/{rel}","templated":true}]}}