{"id":219206,"date":"2025-05-21T20:14:25","date_gmt":"2025-05-22T03:14:25","guid":{"rendered":"https:\/\/rnoticias.com.mx\/Portal\/?p=219206"},"modified":"2025-05-21T20:14:25","modified_gmt":"2025-05-22T03:14:25","slug":"inauguran-exposicion-patrimonio-cultural-de-la-universidad-de-sonora-en-el-marco-de-la-ruta-del-arte-de-las-fiestas-del-pitic","status":"publish","type":"post","link":"https:\/\/rnoticias.com.mx\/Portal\/2025\/05\/21\/inauguran-exposicion-patrimonio-cultural-de-la-universidad-de-sonora-en-el-marco-de-la-ruta-del-arte-de-las-fiestas-del-pitic\/","title":{"rendered":"Inauguran exposici\u00f3n \u201cPatrimonio Cultural de la Universidad de Sonora\u201d en el marco de la Ruta del Arte de las Fiestas del Pitic"},"content":{"rendered":"<p><b data-olk-copy-source=\"MessageBody\">Hermosillo, Sonora; 21 de mayo, 2025.-<\/b>\u00a0Las instalaciones de Casa Ganfer nuevamente abrieron sus puertas para la celebraci\u00f3n de las Fiestas del Pitic para inaugurar la exposici\u00f3n \u201cPatrimonio Cultural de la Universidad de Sonora\u201d que forma parte de la Ruta del Arte que el Ayuntamiento de Hermosillo promueve.<\/p>\n<p>Marianna Gonz\u00e1lez Gast\u00e9lum, directora del Instituto Municipal de Cultura y Arte (IMCA) agradeci\u00f3 a la Universidad de Sonora por permitir que este acervo saliera por segunda ocasi\u00f3n de la \u201cM\u00e1xima casa de estudios\u201d para ser disfrutado por el p\u00fablico en el marco del aniversario 325 de Hermosillo.<\/p>\n<p>\u201cMuchas gracias por darle a la ciudadan\u00eda hermosillense este regalo de tener aqu\u00ed en este gran espacio esta exposici\u00f3n que como bien comentaban es la segunda vez que se exhibe fuera del campus. Espero que no sea la \u00faltima y nosotros como Ayuntamiento, como IMCA, siempre procuraremos que sea con el mayor cuidado\u201d, expres\u00f3 Gonz\u00e1lez Gast\u00e9lum.<\/p>\n<p>Por su parte, Luisa Alejandra G\u00e1ndara Fern\u00e1ndez, presidenta de Fundaci\u00f3n Ganfer, celebr\u00f3 la oportunidad de continuar el legado cultural de su madre Marcela Fern\u00e1ndez de G\u00e1ndara, al abrir una vez m\u00e1s las puertas de Casa Ganfer para honrar el arte y dar espacio a expresiones que fortalecen nuestra identidad.<\/p>\n<p>\u201cNos encanta abrir las puertas de esta casa porque para esto es, para promover el talento local, nuestra cultura. Much\u00edsimas gracias porque el a\u00f1o pasado tuvimos tambi\u00e9n la oportunidad de tener este acervo que no lo prestan muy seguido y es para que todos puedan verlo y disfrutarlo\u201d, agreg\u00f3.<\/p>\n<p>Joel Enr\u00edquez Espejel, director administrativo del Campus Hermosillo comparti\u00f3 los detalles de esta exposici\u00f3n conformada por obras que fueron donadas por artistas a lo largo de los a\u00f1os a la Universidad de Sonora.<\/p>\n<p>Son 37 piezas que reflejan una cosmovisi\u00f3n particular de su tiempo, una interpretaci\u00f3n \u00edntima de la vida y del v\u00ednculo art\u00edstico con la instituci\u00f3n cuyas t\u00e9cnicas van de tinta china en papel, grafito, carb\u00f3n, grabado y \u00f3leo sobre tela, por mencionar algunas.<\/p>\n<p>El Gobierno Municipal invita a disfrutar el programa gratuito de Fiestas del Pitic y sumarse a la celebraci\u00f3n del aniversario 325 de Hermosillo una ciudad en constante movimiento y transformaci\u00f3n.<\/p>\n<p aria-hidden=\"true\">\n<p><b>Consulta el programa en:<\/b><\/p>\n<p><a title=\"https:\/\/fiestasdelpitic.hermosillo.gob.mx\/\" href=\"https:\/\/fiestasdelpitic.hermosillo.gob.mx\/\" target=\"_blank\" rel=\"noopener noreferrer\" data-auth=\"NotApplicable\" data-linkindex=\"0\">https:\/\/fiestasdelpitic.hermosillo.gob.mx\/<\/a><\/p>\n<p aria-hidden=\"true\">\n","protected":false},"excerpt":{"rendered":"<p>Hermosillo, Sonora; 21 de mayo, 2025.-\u00a0Las instalaciones de Casa Ganfer nuevamente abrieron sus puertas para la celebraci\u00f3n de las Fiestas del Pitic para inaugurar la exposici\u00f3n \u201cPatrimonio Cultural de la Universidad de Sonora\u201d que forma parte de la Ruta del Arte que el Ayuntamiento de Hermosillo promueve. Marianna Gonz\u00e1lez Gast\u00e9lum, directora del Instituto Municipal de [&hellip;]<\/p>\n","protected":false},"author":2,"featured_media":219207,"comment_status":"closed","ping_status":"closed","sticky":false,"template":"","format":"standard","meta":{"footnotes":""},"categories":[12870,178],"tags":[12865,12869],"class_list":["post-219206","post","type-post","status-publish","format-standard","has-post-thumbnail","hentry","category-destacadas","category-local","tag-destacadas","tag-local"],"jetpack_featured_media_url":"https:\/\/rnoticias.com.mx\/Portal\/wp-content\/uploads\/2025\/05\/86655.jpg","amp_enabled":true,"_links":{"self":[{"href":"https:\/\/rnoticias.com.mx\/Portal\/wp-json\/wp\/v2\/posts\/219206","targetHints":{"allow":["GET"]}}],"collection":[{"href":"https:\/\/rnoticias.com.mx\/Portal\/wp-json\/wp\/v2\/posts"}],"about":[{"href":"https:\/\/rnoticias.com.mx\/Portal\/wp-json\/wp\/v2\/types\/post"}],"author":[{"embeddable":true,"href":"https:\/\/rnoticias.com.mx\/Portal\/wp-json\/wp\/v2\/users\/2"}],"replies":[{"embeddable":true,"href":"https:\/\/rnoticias.com.mx\/Portal\/wp-json\/wp\/v2\/comments?post=219206"}],"version-history":[{"count":1,"href":"https:\/\/rnoticias.com.mx\/Portal\/wp-json\/wp\/v2\/posts\/219206\/revisions"}],"predecessor-version":[{"id":219208,"href":"https:\/\/rnoticias.com.mx\/Portal\/wp-json\/wp\/v2\/posts\/219206\/revisions\/219208"}],"wp:featuredmedia":[{"embeddable":true,"href":"https:\/\/rnoticias.com.mx\/Portal\/wp-json\/wp\/v2\/media\/219207"}],"wp:attachment":[{"href":"https:\/\/rnoticias.com.mx\/Portal\/wp-json\/wp\/v2\/media?parent=219206"}],"wp:term":[{"taxonomy":"category","embeddable":true,"href":"https:\/\/rnoticias.com.mx\/Portal\/wp-json\/wp\/v2\/categories?post=219206"},{"taxonomy":"post_tag","embeddable":true,"href":"https:\/\/rnoticias.com.mx\/Portal\/wp-json\/wp\/v2\/tags?post=219206"}],"curies":[{"name":"wp","href":"https:\/\/api.w.org\/{rel}","templated":true}]}}