{"id":219203,"date":"2025-05-21T20:10:56","date_gmt":"2025-05-22T03:10:56","guid":{"rendered":"https:\/\/rnoticias.com.mx\/Portal\/?p=219203"},"modified":"2025-05-21T20:10:56","modified_gmt":"2025-05-22T03:10:56","slug":"gobierno-de-sonora-anuncia-nueva-programacion-y-horarios-en-bosque-urbano-la-sauceda","status":"publish","type":"post","link":"https:\/\/rnoticias.com.mx\/Portal\/2025\/05\/21\/gobierno-de-sonora-anuncia-nueva-programacion-y-horarios-en-bosque-urbano-la-sauceda\/","title":{"rendered":"Gobierno de Sonora anuncia nueva programaci\u00f3n y horarios en Bosque Urbano La Sauceda"},"content":{"rendered":"<p align=\"justify\">Hermosillo, Sonora; 21 de mayo de 2025.\u2013 El Bosque Urbano La Sauceda, un compromiso cumplido del gobernador Alfonso Durazo, invita a la comunidad a disfrutar de su nueva programaci\u00f3n de actividades para este fin de semana, del 23 al 25 de mayo, as\u00ed como en los pr\u00f3ximos fines de semana. La cartelera est\u00e1 dise\u00f1ada para toda la familia, con enfoque en el arte, la recreaci\u00f3n y la conciencia ambiental.<\/p>\n<p align=\"justify\">Entre las actividades destacadas se encuentra el programa musical permanente Domingo Chill, una propuesta que combina m\u00fasica y espacios de convivencia para cerrar la semana en familia y en contacto con la naturaleza.<\/p>\n<p align=\"justify\">Como parte de esta programaci\u00f3n, se presentar\u00e1 la obra de teatro infantil El misterio de la Catota Azul, una producci\u00f3n original sonorense que integra escenograf\u00eda en 3D, proyecciones de mapping y un mensaje sobre la importancia del agua como recurso vital.<\/p>\n<p align=\"justify\">Con el objetivo de evitar la exposici\u00f3n al calor extremo durante las horas de mayor intensidad solar, se realizaron ajustes en los horarios de operaci\u00f3n para mayor comodidad de las y los visitantes. A partir de esta semana, las taquillas estar\u00e1n abiertas de 16:00 a 20:00 horas, y las atracciones funcionar\u00e1n de 16:00 a 21:00 horas.<\/p>\n<p align=\"justify\">El Bosque Urbano La Sauceda contin\u00faa consolid\u00e1ndose como un espacio para la cultura, la educaci\u00f3n ambiental y el esparcimiento familiar en Hermosillo.<\/p>\n<p align=\"justify\">Esta iniciativa forma parte del compromiso del Gobierno de Sonora con la recuperaci\u00f3n de espacios p\u00fablicos y la promoci\u00f3n de una ciudadan\u00eda participativa y consciente del entorno. Se invita a todas y todos a ser parte de esta transformaci\u00f3n, aprovechando las actividades gratuitas que fomentan el arte, el cuidado del medio ambiente y la convivencia comunitaria.<\/p>\n","protected":false},"excerpt":{"rendered":"<p>Hermosillo, Sonora; 21 de mayo de 2025.\u2013 El Bosque Urbano La Sauceda, un compromiso cumplido del gobernador Alfonso Durazo, invita a la comunidad a disfrutar de su nueva programaci\u00f3n de actividades para este fin de semana, del 23 al 25 de mayo, as\u00ed como en los pr\u00f3ximos fines de semana. La cartelera est\u00e1 dise\u00f1ada para [&hellip;]<\/p>\n","protected":false},"author":2,"featured_media":219204,"comment_status":"closed","ping_status":"closed","sticky":false,"template":"","format":"standard","meta":{"footnotes":""},"categories":[12870,178],"tags":[12865,12869],"class_list":["post-219203","post","type-post","status-publish","format-standard","has-post-thumbnail","hentry","category-destacadas","category-local","tag-destacadas","tag-local"],"jetpack_featured_media_url":"https:\/\/rnoticias.com.mx\/Portal\/wp-content\/uploads\/2025\/05\/unnamed-19-7.jpg","amp_enabled":true,"_links":{"self":[{"href":"https:\/\/rnoticias.com.mx\/Portal\/wp-json\/wp\/v2\/posts\/219203","targetHints":{"allow":["GET"]}}],"collection":[{"href":"https:\/\/rnoticias.com.mx\/Portal\/wp-json\/wp\/v2\/posts"}],"about":[{"href":"https:\/\/rnoticias.com.mx\/Portal\/wp-json\/wp\/v2\/types\/post"}],"author":[{"embeddable":true,"href":"https:\/\/rnoticias.com.mx\/Portal\/wp-json\/wp\/v2\/users\/2"}],"replies":[{"embeddable":true,"href":"https:\/\/rnoticias.com.mx\/Portal\/wp-json\/wp\/v2\/comments?post=219203"}],"version-history":[{"count":1,"href":"https:\/\/rnoticias.com.mx\/Portal\/wp-json\/wp\/v2\/posts\/219203\/revisions"}],"predecessor-version":[{"id":219205,"href":"https:\/\/rnoticias.com.mx\/Portal\/wp-json\/wp\/v2\/posts\/219203\/revisions\/219205"}],"wp:featuredmedia":[{"embeddable":true,"href":"https:\/\/rnoticias.com.mx\/Portal\/wp-json\/wp\/v2\/media\/219204"}],"wp:attachment":[{"href":"https:\/\/rnoticias.com.mx\/Portal\/wp-json\/wp\/v2\/media?parent=219203"}],"wp:term":[{"taxonomy":"category","embeddable":true,"href":"https:\/\/rnoticias.com.mx\/Portal\/wp-json\/wp\/v2\/categories?post=219203"},{"taxonomy":"post_tag","embeddable":true,"href":"https:\/\/rnoticias.com.mx\/Portal\/wp-json\/wp\/v2\/tags?post=219203"}],"curies":[{"name":"wp","href":"https:\/\/api.w.org\/{rel}","templated":true}]}}