{"id":219200,"date":"2025-05-21T20:09:51","date_gmt":"2025-05-22T03:09:51","guid":{"rendered":"https:\/\/rnoticias.com.mx\/Portal\/?p=219200"},"modified":"2025-05-21T20:09:51","modified_gmt":"2025-05-22T03:09:51","slug":"en-contra-ugrs-de-toma-de-garitas-en-nogales","status":"publish","type":"post","link":"https:\/\/rnoticias.com.mx\/Portal\/2025\/05\/21\/en-contra-ugrs-de-toma-de-garitas-en-nogales\/","title":{"rendered":"En contra UGRS de toma de garitas en Nogales"},"content":{"rendered":"<div>La Uni\u00f3n Ganadera Regional de Sonora (UGRS) se pronunci\u00f3 en contra del cierre de garitas y v\u00edas f\u00e9rreas en Nogales como medida de protesta por la suspensi\u00f3n en la exportaci\u00f3n de ganado a Estados Unidos, y llam\u00f3 a privilegiar el di\u00e1logo con las autoridades.<\/div>\n<div><\/div>\n<div>Juan Ochoa Valenzuela, presidente de la Uni\u00f3n Ganadera, se\u00f1al\u00f3 que entiende la inconformidad manifestada por un grupo de ganaderos del norte, pero advirti\u00f3 que acciones como bloquear los accesos fronterizos, previstas para el 30 de mayo, solo generar\u00edan mayores afectaciones a la ciudadan\u00eda.<\/div>\n<div><\/div>\n<div>\u201cHemos escuchado voces de alg\u00fan movimiento y que ni la uni\u00f3n ganadera ni la asociaci\u00f3n de ninguna parte apoyan. Nosotros estamos trabajando de la mano de la autoridad como debe de ser, tanto municipal, estatal como federal y obviamente con la federaci\u00f3n, as\u00ed como los estados exportadores\u201d, afirm\u00f3.<\/div>\n<div><\/div>\n<div>Asegur\u00f3 que el tema se atiende de forma permanente y que hay avances importantes. Inform\u00f3 adem\u00e1s que en los pr\u00f3ximos d\u00edas autoridades del Servicio Nacional de Sanidad, Inocuidad y Calidad Agroalimentaria (Senasica) sostendr\u00e1n reuniones en Washington, con el objetivo de destrabar la situaci\u00f3n y reanudar las exportaciones de ganado sonorense lo antes posible.<\/div>\n","protected":false},"excerpt":{"rendered":"<p>La Uni\u00f3n Ganadera Regional de Sonora (UGRS) se pronunci\u00f3 en contra del cierre de garitas y v\u00edas f\u00e9rreas en Nogales como medida de protesta por la suspensi\u00f3n en la exportaci\u00f3n de ganado a Estados Unidos, y llam\u00f3 a privilegiar el di\u00e1logo con las autoridades. Juan Ochoa Valenzuela, presidente de la Uni\u00f3n Ganadera, se\u00f1al\u00f3 que entiende [&hellip;]<\/p>\n","protected":false},"author":2,"featured_media":219201,"comment_status":"closed","ping_status":"closed","sticky":false,"template":"","format":"standard","meta":{"footnotes":""},"categories":[12870,178],"tags":[12865,12869],"class_list":["post-219200","post","type-post","status-publish","format-standard","has-post-thumbnail","hentry","category-destacadas","category-local","tag-destacadas","tag-local"],"jetpack_featured_media_url":"https:\/\/rnoticias.com.mx\/Portal\/wp-content\/uploads\/2025\/05\/Sin-titulo-119.jpg","amp_enabled":true,"_links":{"self":[{"href":"https:\/\/rnoticias.com.mx\/Portal\/wp-json\/wp\/v2\/posts\/219200","targetHints":{"allow":["GET"]}}],"collection":[{"href":"https:\/\/rnoticias.com.mx\/Portal\/wp-json\/wp\/v2\/posts"}],"about":[{"href":"https:\/\/rnoticias.com.mx\/Portal\/wp-json\/wp\/v2\/types\/post"}],"author":[{"embeddable":true,"href":"https:\/\/rnoticias.com.mx\/Portal\/wp-json\/wp\/v2\/users\/2"}],"replies":[{"embeddable":true,"href":"https:\/\/rnoticias.com.mx\/Portal\/wp-json\/wp\/v2\/comments?post=219200"}],"version-history":[{"count":1,"href":"https:\/\/rnoticias.com.mx\/Portal\/wp-json\/wp\/v2\/posts\/219200\/revisions"}],"predecessor-version":[{"id":219202,"href":"https:\/\/rnoticias.com.mx\/Portal\/wp-json\/wp\/v2\/posts\/219200\/revisions\/219202"}],"wp:featuredmedia":[{"embeddable":true,"href":"https:\/\/rnoticias.com.mx\/Portal\/wp-json\/wp\/v2\/media\/219201"}],"wp:attachment":[{"href":"https:\/\/rnoticias.com.mx\/Portal\/wp-json\/wp\/v2\/media?parent=219200"}],"wp:term":[{"taxonomy":"category","embeddable":true,"href":"https:\/\/rnoticias.com.mx\/Portal\/wp-json\/wp\/v2\/categories?post=219200"},{"taxonomy":"post_tag","embeddable":true,"href":"https:\/\/rnoticias.com.mx\/Portal\/wp-json\/wp\/v2\/tags?post=219200"}],"curies":[{"name":"wp","href":"https:\/\/api.w.org\/{rel}","templated":true}]}}