{"id":219197,"date":"2025-05-21T20:07:09","date_gmt":"2025-05-22T03:07:09","guid":{"rendered":"https:\/\/rnoticias.com.mx\/Portal\/?p=219197"},"modified":"2025-05-21T20:07:09","modified_gmt":"2025-05-22T03:07:09","slug":"horas-de-mucho-calor-se-esperan-en-la-mayor-parte-de-sonora","status":"publish","type":"post","link":"https:\/\/rnoticias.com.mx\/Portal\/2025\/05\/21\/horas-de-mucho-calor-se-esperan-en-la-mayor-parte-de-sonora\/","title":{"rendered":"Horas de mucho calor se esperan en la mayor parte de Sonora"},"content":{"rendered":"<div>La Comisi\u00f3n Nacional del Agua (Conagua) advirti\u00f3 que este mi\u00e9rcoles y jueves se registrar\u00e1n las temperaturas m\u00e1s altas de la semana en gran parte del estado, especialmente en las regiones centro y sur.<\/div>\n<div><\/div>\n<div>Gilberto Lagarda V\u00e1zquez, especialista t\u00e9cnico de Conagua, se\u00f1al\u00f3 que se esperan valores m\u00e1ximos entre los 40 y 45 grados cent\u00edgrados en varias zonas, antes de un ligero descenso hacia el fin de semana.<\/div>\n<div><\/div>\n<div>\u201cEs posible que hoy mi\u00e9rcoles y ma\u00f1ana jueves tengamos los d\u00edas m\u00e1s calurosos de la semana, ya que para el viernes y el fin de semana se espera un descenso ligero de temperaturas, entre dos a tres grados cent\u00edgrados promedio es lo que podr\u00eda bajar. Pero por lo pronto tendremos m\u00e1ximas entre los 40 a los 45 grados en zonas del centro y sur del estado\u201d, declar\u00f3.<\/div>\n<div><\/div>\n<div>Entre los municipios con temperaturas m\u00e1s elevadas se encuentran Hermosillo, San Luis R\u00edo Colorado y Ciudad Obreg\u00f3n, con registros de hasta 43 grados cent\u00edgrados; Moctezuma alcanzar\u00eda los 42, mientras que Arizpe, Caborca y Magdalena registrar\u00edan 41 grados.<\/div>\n","protected":false},"excerpt":{"rendered":"<p>La Comisi\u00f3n Nacional del Agua (Conagua) advirti\u00f3 que este mi\u00e9rcoles y jueves se registrar\u00e1n las temperaturas m\u00e1s altas de la semana en gran parte del estado, especialmente en las regiones centro y sur. Gilberto Lagarda V\u00e1zquez, especialista t\u00e9cnico de Conagua, se\u00f1al\u00f3 que se esperan valores m\u00e1ximos entre los 40 y 45 grados cent\u00edgrados en varias [&hellip;]<\/p>\n","protected":false},"author":2,"featured_media":219198,"comment_status":"closed","ping_status":"closed","sticky":false,"template":"","format":"standard","meta":{"footnotes":""},"categories":[12870,178],"tags":[12865,12869],"class_list":["post-219197","post","type-post","status-publish","format-standard","has-post-thumbnail","hentry","category-destacadas","category-local","tag-destacadas","tag-local"],"jetpack_featured_media_url":"https:\/\/rnoticias.com.mx\/Portal\/wp-content\/uploads\/2025\/05\/calor-nuevasjpeg2-035d0d02-focus-0-0-966-544.jpg","amp_enabled":true,"_links":{"self":[{"href":"https:\/\/rnoticias.com.mx\/Portal\/wp-json\/wp\/v2\/posts\/219197","targetHints":{"allow":["GET"]}}],"collection":[{"href":"https:\/\/rnoticias.com.mx\/Portal\/wp-json\/wp\/v2\/posts"}],"about":[{"href":"https:\/\/rnoticias.com.mx\/Portal\/wp-json\/wp\/v2\/types\/post"}],"author":[{"embeddable":true,"href":"https:\/\/rnoticias.com.mx\/Portal\/wp-json\/wp\/v2\/users\/2"}],"replies":[{"embeddable":true,"href":"https:\/\/rnoticias.com.mx\/Portal\/wp-json\/wp\/v2\/comments?post=219197"}],"version-history":[{"count":1,"href":"https:\/\/rnoticias.com.mx\/Portal\/wp-json\/wp\/v2\/posts\/219197\/revisions"}],"predecessor-version":[{"id":219199,"href":"https:\/\/rnoticias.com.mx\/Portal\/wp-json\/wp\/v2\/posts\/219197\/revisions\/219199"}],"wp:featuredmedia":[{"embeddable":true,"href":"https:\/\/rnoticias.com.mx\/Portal\/wp-json\/wp\/v2\/media\/219198"}],"wp:attachment":[{"href":"https:\/\/rnoticias.com.mx\/Portal\/wp-json\/wp\/v2\/media?parent=219197"}],"wp:term":[{"taxonomy":"category","embeddable":true,"href":"https:\/\/rnoticias.com.mx\/Portal\/wp-json\/wp\/v2\/categories?post=219197"},{"taxonomy":"post_tag","embeddable":true,"href":"https:\/\/rnoticias.com.mx\/Portal\/wp-json\/wp\/v2\/tags?post=219197"}],"curies":[{"name":"wp","href":"https:\/\/api.w.org\/{rel}","templated":true}]}}