{"id":219184,"date":"2025-05-21T19:48:55","date_gmt":"2025-05-22T02:48:55","guid":{"rendered":"https:\/\/rnoticias.com.mx\/Portal\/?p=219184"},"modified":"2025-05-21T19:48:55","modified_gmt":"2025-05-22T02:48:55","slug":"se-deslinda-agl-de-nogales-por-cierre-de-garitas","status":"publish","type":"post","link":"https:\/\/rnoticias.com.mx\/Portal\/2025\/05\/21\/se-deslinda-agl-de-nogales-por-cierre-de-garitas\/","title":{"rendered":"Se deslinda AGL de Nogales por cierre de garitas"},"content":{"rendered":"<div>La Asociaci\u00f3n Ganadera Local (AGL) de Nogales se pronunci\u00f3 en contra del cierre de garitas en esa frontera, medida que algunos ganaderos han propuesto como protesta por la suspensi\u00f3n en la exportaci\u00f3n de ganado a Estados Unidos por la presencia del gusano barrenador.<\/div>\n<div><\/div>\n<div>Jes\u00fas Garc\u00eda, presidente de la Asociaci\u00f3n en Nogales, se\u00f1al\u00f3 que no respaldar\u00e1n ese tipo de acciones y llam\u00f3 a buscar alternativas para manifestar la inconformidad sin afectar la operaci\u00f3n de las garitas.<\/div>\n<div><\/div>\n<div><\/div>\n<div><i>\u201cEstamos totalmente en desacuerdo con esas personas y con ese tipo de actos. Nosotros, como mesa directiva y compa\u00f1eros ganaderos, no estamos de acuerdo en ese tipo de bloqueos. Creo que no ganamos nada con cerrar la garita; mejor trabajemos en erradicar el gusano barrenador\u201d, afirm\u00f3.<\/i><\/div>\n<div><\/div>\n<div><\/div>\n<div>Precis\u00f3 que, aunque la convocatoria a cerrar las garitas Mariposa, Dennis DeConcini y las v\u00edas del ferrocarril para el pr\u00f3ximo 30 de mayo proviene tambi\u00e9n de algunos ganaderos, no representa el sentir de la organizaci\u00f3n de Nogales.<\/div>\n","protected":false},"excerpt":{"rendered":"<p>La Asociaci\u00f3n Ganadera Local (AGL) de Nogales se pronunci\u00f3 en contra del cierre de garitas en esa frontera, medida que algunos ganaderos han propuesto como protesta por la suspensi\u00f3n en la exportaci\u00f3n de ganado a Estados Unidos por la presencia del gusano barrenador. Jes\u00fas Garc\u00eda, presidente de la Asociaci\u00f3n en Nogales, se\u00f1al\u00f3 que no respaldar\u00e1n [&hellip;]<\/p>\n","protected":false},"author":2,"featured_media":219185,"comment_status":"closed","ping_status":"closed","sticky":false,"template":"","format":"standard","meta":{"footnotes":""},"categories":[12870,174],"tags":[12865,12873],"class_list":["post-219184","post","type-post","status-publish","format-standard","has-post-thumbnail","hentry","category-destacadas","category-estatal","tag-destacadas","tag-estatal"],"jetpack_featured_media_url":"https:\/\/rnoticias.com.mx\/Portal\/wp-content\/uploads\/2025\/05\/garita.jpg","amp_enabled":true,"_links":{"self":[{"href":"https:\/\/rnoticias.com.mx\/Portal\/wp-json\/wp\/v2\/posts\/219184","targetHints":{"allow":["GET"]}}],"collection":[{"href":"https:\/\/rnoticias.com.mx\/Portal\/wp-json\/wp\/v2\/posts"}],"about":[{"href":"https:\/\/rnoticias.com.mx\/Portal\/wp-json\/wp\/v2\/types\/post"}],"author":[{"embeddable":true,"href":"https:\/\/rnoticias.com.mx\/Portal\/wp-json\/wp\/v2\/users\/2"}],"replies":[{"embeddable":true,"href":"https:\/\/rnoticias.com.mx\/Portal\/wp-json\/wp\/v2\/comments?post=219184"}],"version-history":[{"count":1,"href":"https:\/\/rnoticias.com.mx\/Portal\/wp-json\/wp\/v2\/posts\/219184\/revisions"}],"predecessor-version":[{"id":219186,"href":"https:\/\/rnoticias.com.mx\/Portal\/wp-json\/wp\/v2\/posts\/219184\/revisions\/219186"}],"wp:featuredmedia":[{"embeddable":true,"href":"https:\/\/rnoticias.com.mx\/Portal\/wp-json\/wp\/v2\/media\/219185"}],"wp:attachment":[{"href":"https:\/\/rnoticias.com.mx\/Portal\/wp-json\/wp\/v2\/media?parent=219184"}],"wp:term":[{"taxonomy":"category","embeddable":true,"href":"https:\/\/rnoticias.com.mx\/Portal\/wp-json\/wp\/v2\/categories?post=219184"},{"taxonomy":"post_tag","embeddable":true,"href":"https:\/\/rnoticias.com.mx\/Portal\/wp-json\/wp\/v2\/tags?post=219184"}],"curies":[{"name":"wp","href":"https:\/\/api.w.org\/{rel}","templated":true}]}}