{"id":219164,"date":"2025-05-21T18:23:53","date_gmt":"2025-05-22T01:23:53","guid":{"rendered":"https:\/\/rnoticias.com.mx\/Portal\/?p=219164"},"modified":"2025-05-21T18:23:53","modified_gmt":"2025-05-22T01:23:53","slug":"promueven-diputados-julio-navarro-y-vicky-espinoza-sensibilizacion-sobre-personas-debiles-visuales","status":"publish","type":"post","link":"https:\/\/rnoticias.com.mx\/Portal\/2025\/05\/21\/promueven-diputados-julio-navarro-y-vicky-espinoza-sensibilizacion-sobre-personas-debiles-visuales\/","title":{"rendered":"Promueven diputados Julio Navarro y Vicky Espinoza sensibilizaci\u00f3n sobre personas d\u00e9biles visuales"},"content":{"rendered":"<p>Hermosillo, Sonora; 21 de mayo de 2025.\u2013 Con el objetivo de generar conciencia sobre los desaf\u00edos que enfrentan las personas con discapacidad y fomentar su inclusi\u00f3n a trav\u00e9s de pol\u00edticas p\u00fablicas m\u00e1s sensibles y equitativas, los legisladores de Morena, Julio Navarro Contreras y Vicky Espinoza Tapia, organizaron un programa de sensibilizaci\u00f3n sobre la discapacidad titulado \u201cVer con el coraz\u00f3n\u201d.<\/p>\n<p>Los legisladores detallaron que este programa busca no solo informar, sino tambi\u00e9n generar empat\u00eda y promover un cambio en la forma en que la sociedad percibe y se relaciona con las personas con discapacidad.<\/p>\n<p>Durante el evento, que cont\u00f3 con la participaci\u00f3n de la directora del Sistema DIF Sonora, Lizeth V\u00e1squez Ochoa, F\u00e9lix Higuera Romero, director de Atenci\u00f3n a Personas con Discapacidad de la dependencia, y Cervando Flores Castelo, procurador de Defensa de los Derechos de Personas con Discapacidad, se present\u00f3 una exposici\u00f3n detallada sobre el funcionamiento y los servicios que ofrece el Centro de Atenci\u00f3n para Ciegos y D\u00e9biles Visuales (N\u00e9idi).<\/p>\n<p>Lizeth Ocejo Tanori, subdirectora del Centro Neidi, explic\u00f3 que esta instituci\u00f3n tiene como prop\u00f3sito brindar herramientas y acompa\u00f1amiento para que las personas con discapacidad visual desarrollen al m\u00e1ximo su autonom\u00eda, independencia y funcionalidad, contribuyendo as\u00ed a una vida digna y plena.<\/p>\n<p>En el foro, personas con discapacidad visual compartieron experiencias y testimonios sobre las barreras f\u00edsicas y sociales que a\u00fan persisten y que les impiden un desarrollo pleno.<\/p>\n<p>Al finalizar el encuentro las y los legisladores asistentes recorrieron el exterior del Congreso del Estado con los ojos vendados y portando un bast\u00f3n para que experimentaran de primera mano las dificultades que enfrentan las personas ciegas cuando se desplazan.<\/p>\n<p>Presentes, las diputadas Amairany Pe\u00f1a Escalante (PES), vicepresidenta del Congreso; Jazm\u00edn G\u00f3mez Liz\u00e1rraga (PT) , presidenta de la Comisi\u00f3n de Atenci\u00f3n a Personas con Discapacidad; Deni Gast\u00e9lum Barreras (Morena), Alicia Gayt\u00e1n S\u00e1nchez (Morena); y los diputados Ra\u00fal Gonz\u00e1lez de la Vega, Norberto Barraza Almaz\u00e1n (PES) y David Figueroa Ortega (Verde).<\/p>\n","protected":false},"excerpt":{"rendered":"<p>Hermosillo, Sonora; 21 de mayo de 2025.\u2013 Con el objetivo de generar conciencia sobre los desaf\u00edos que enfrentan las personas con discapacidad y fomentar su inclusi\u00f3n a trav\u00e9s de pol\u00edticas p\u00fablicas m\u00e1s sensibles y equitativas, los legisladores de Morena, Julio Navarro Contreras y Vicky Espinoza Tapia, organizaron un programa de sensibilizaci\u00f3n sobre la discapacidad titulado [&hellip;]<\/p>\n","protected":false},"author":2,"featured_media":219165,"comment_status":"closed","ping_status":"closed","sticky":false,"template":"","format":"standard","meta":{"footnotes":""},"categories":[12868],"tags":[12879],"class_list":["post-219164","post","type-post","status-publish","format-standard","has-post-thumbnail","hentry","category-politica","tag-politica"],"jetpack_featured_media_url":"https:\/\/rnoticias.com.mx\/Portal\/wp-content\/uploads\/2025\/05\/0309ef92-e643-4dc3-b05b-9af41f283e0e.jpg","amp_enabled":true,"_links":{"self":[{"href":"https:\/\/rnoticias.com.mx\/Portal\/wp-json\/wp\/v2\/posts\/219164","targetHints":{"allow":["GET"]}}],"collection":[{"href":"https:\/\/rnoticias.com.mx\/Portal\/wp-json\/wp\/v2\/posts"}],"about":[{"href":"https:\/\/rnoticias.com.mx\/Portal\/wp-json\/wp\/v2\/types\/post"}],"author":[{"embeddable":true,"href":"https:\/\/rnoticias.com.mx\/Portal\/wp-json\/wp\/v2\/users\/2"}],"replies":[{"embeddable":true,"href":"https:\/\/rnoticias.com.mx\/Portal\/wp-json\/wp\/v2\/comments?post=219164"}],"version-history":[{"count":1,"href":"https:\/\/rnoticias.com.mx\/Portal\/wp-json\/wp\/v2\/posts\/219164\/revisions"}],"predecessor-version":[{"id":219166,"href":"https:\/\/rnoticias.com.mx\/Portal\/wp-json\/wp\/v2\/posts\/219164\/revisions\/219166"}],"wp:featuredmedia":[{"embeddable":true,"href":"https:\/\/rnoticias.com.mx\/Portal\/wp-json\/wp\/v2\/media\/219165"}],"wp:attachment":[{"href":"https:\/\/rnoticias.com.mx\/Portal\/wp-json\/wp\/v2\/media?parent=219164"}],"wp:term":[{"taxonomy":"category","embeddable":true,"href":"https:\/\/rnoticias.com.mx\/Portal\/wp-json\/wp\/v2\/categories?post=219164"},{"taxonomy":"post_tag","embeddable":true,"href":"https:\/\/rnoticias.com.mx\/Portal\/wp-json\/wp\/v2\/tags?post=219164"}],"curies":[{"name":"wp","href":"https:\/\/api.w.org\/{rel}","templated":true}]}}