{"id":219106,"date":"2025-05-21T09:23:28","date_gmt":"2025-05-21T16:23:28","guid":{"rendered":"https:\/\/rnoticias.com.mx\/Portal\/?p=219106"},"modified":"2025-05-21T09:23:28","modified_gmt":"2025-05-21T16:23:28","slug":"dictan-cuatro-sentencias-por-delito-de-odio-contra-vinicius-junior","status":"publish","type":"post","link":"https:\/\/rnoticias.com.mx\/Portal\/2025\/05\/21\/dictan-cuatro-sentencias-por-delito-de-odio-contra-vinicius-junior\/","title":{"rendered":"Dictan cuatro sentencias por delito de odio contra Vin\u00edcius J\u00fanior"},"content":{"rendered":"<p>El jugador del Real Madrid,<strong>\u00a0Vin\u00edcius J\u00fanior,<\/strong>\u00a0ha sido v\u00edctima en varias ocasiones de insultos racistas que\u00a0<i>LaLiga\u00a0<\/i>ha denunciado y cuatro de los casos han terminado en sentencia.<\/p>\n<p>Este mi\u00e9rcoles,\u00a0<strong>la Audiencia Provincial de Valladolid ha condenado a un a\u00f1o de prisi\u00f3n a los cinco acusados por insultar al futbolista brasile\u00f1o<\/strong>\u00a0en un partido disputado en el\u00a0<i>Estadio Jos\u00e9 Zorrilla<\/i>\u00a0en el que se enfrentaron el Real Valladolid y el Real Madrid.<\/p>\n<div id=\"teads_ad\"><\/div>\n<div class=\"div-pos-2\"><\/div>\n<p>La primera sentencia se produjo el\u00a0<strong>10 de junio de 2024,<\/strong>\u00a0cuando\u00a0<strong>tres aficionados del Valencia fueron condenados a ocho meses de prisi\u00f3n y a dos a\u00f1os sin entrar a estadios de futbol\u00a0<\/strong>por insultar al jugador durante un partido en Mestalla, el 21 de mayo de 2023.<\/p>\n<p><strong>La segunda condena tuvo lugar un mes m\u00e1s tarde.<\/strong>\u00a0Un hombre fue condenado a\u00a0<strong>ocho meses de prisi\u00f3n por escribir ataques e insultos racistas<\/strong>\u00a0contra Vin\u00edcius y su compa\u00f1ero Antonio R\u00fcdiger, a trav\u00e9s del foro digital de un diario deportivo.<\/p>\n<p><strong>La tercera sentencia conden\u00f3 a un hombre a un a\u00f1o de c\u00e1rcel y tres a\u00f1os de prohibici\u00f3n de acceso a los estadios por los episodios racistas contra Vin\u00edcius y el jugador del Villarreal, Samu Chukwueze<\/strong>\u00a0en dos partidos disputados en el\u00a0<i>Son Moix\u00a0<\/i>de Mallorca el 5 y el 18 de febrero.<\/p>\n<p>Este 21 de mayo, los cinco acusados de insultar al jugador brasile\u00f1o en un partido disputado el 30 de diciembre de 2022 en el estadio Jos\u00e9 Zorrilla\u00a0<mark><strong>han sido condenados a un a\u00f1o de prisi\u00f3n, cada uno por un delito de odio por la Audiencia Provincial de Valladolid.<\/strong><\/mark><strong>\u00a0<\/strong>Los encausados asumieron, adem\u00e1s, tras un acuerdo, una multa de mil 620 euros por los insultos propiciados al futbolista.<\/p>\n<p>El tribunal decidi\u00f3 tambi\u00e9n la suspensi\u00f3n ejecutiva de la pena de c\u00e1rcel a petici\u00f3n de las partes durante tres a\u00f1os \u2014periodo en el que los encausados no podr\u00e1n volver a delinquir\u2014, deber\u00e1n estar a disposici\u00f3n del tribunal y comunicar cualquier cambio de domicilio.<\/p>\n<p>Desde que el brasile\u00f1o juega en el primer equipo del Real Madrid,\u00a0<i>Laliga\u00a0<\/i>ha presentado numerosas denuncias por insultos racistas a Vin\u00edcius en diferentes estadios de Espa\u00f1a. Como el ocurrido en el Montju\u00efc, en Barcelona, en octubre de 2023, durante el cl\u00e1sico, o en el\u00a0<i>Anoeta de San Sebasti\u00e1n,\u00a0<\/i>durante un partido de la semifinal de la Copa del Rey en febrero de 2025.<\/p>\n<p>El pasado lunes,<strong>\u00a0<\/strong><mark><strong>Vinicius prest\u00f3 declaraci\u00f3n como perjudicado en el juicio a cuatro acusados de colgar de un puente, cerca de la ciudad deportiva del Real Madrid, un mu\u00f1eco con la camiseta del jugador<\/strong><\/mark>\u00a0junto a una pancarta con la leyenda\u00a0<i><strong>\u201cMadrid odia al Real\u201d.<\/strong><\/i><\/p>\n","protected":false},"excerpt":{"rendered":"<p>El jugador del Real Madrid,\u00a0Vin\u00edcius J\u00fanior,\u00a0ha sido v\u00edctima en varias ocasiones de insultos racistas que\u00a0LaLiga\u00a0ha denunciado y cuatro de los casos han terminado en sentencia. Este mi\u00e9rcoles,\u00a0la Audiencia Provincial de Valladolid ha condenado a un a\u00f1o de prisi\u00f3n a los cinco acusados por insultar al futbolista brasile\u00f1o\u00a0en un partido disputado en el\u00a0Estadio Jos\u00e9 Zorrilla\u00a0en el [&hellip;]<\/p>\n","protected":false},"author":2,"featured_media":219107,"comment_status":"closed","ping_status":"closed","sticky":false,"template":"","format":"standard","meta":{"footnotes":""},"categories":[188,12870],"tags":[5231,12865],"class_list":["post-219106","post","type-post","status-publish","format-standard","has-post-thumbnail","hentry","category-deportes","category-destacadas","tag-deportes","tag-destacadas"],"jetpack_featured_media_url":"https:\/\/rnoticias.com.mx\/Portal\/wp-content\/uploads\/2025\/05\/65695429_605.jpg","amp_enabled":true,"_links":{"self":[{"href":"https:\/\/rnoticias.com.mx\/Portal\/wp-json\/wp\/v2\/posts\/219106","targetHints":{"allow":["GET"]}}],"collection":[{"href":"https:\/\/rnoticias.com.mx\/Portal\/wp-json\/wp\/v2\/posts"}],"about":[{"href":"https:\/\/rnoticias.com.mx\/Portal\/wp-json\/wp\/v2\/types\/post"}],"author":[{"embeddable":true,"href":"https:\/\/rnoticias.com.mx\/Portal\/wp-json\/wp\/v2\/users\/2"}],"replies":[{"embeddable":true,"href":"https:\/\/rnoticias.com.mx\/Portal\/wp-json\/wp\/v2\/comments?post=219106"}],"version-history":[{"count":1,"href":"https:\/\/rnoticias.com.mx\/Portal\/wp-json\/wp\/v2\/posts\/219106\/revisions"}],"predecessor-version":[{"id":219108,"href":"https:\/\/rnoticias.com.mx\/Portal\/wp-json\/wp\/v2\/posts\/219106\/revisions\/219108"}],"wp:featuredmedia":[{"embeddable":true,"href":"https:\/\/rnoticias.com.mx\/Portal\/wp-json\/wp\/v2\/media\/219107"}],"wp:attachment":[{"href":"https:\/\/rnoticias.com.mx\/Portal\/wp-json\/wp\/v2\/media?parent=219106"}],"wp:term":[{"taxonomy":"category","embeddable":true,"href":"https:\/\/rnoticias.com.mx\/Portal\/wp-json\/wp\/v2\/categories?post=219106"},{"taxonomy":"post_tag","embeddable":true,"href":"https:\/\/rnoticias.com.mx\/Portal\/wp-json\/wp\/v2\/tags?post=219106"}],"curies":[{"name":"wp","href":"https:\/\/api.w.org\/{rel}","templated":true}]}}