{"id":219097,"date":"2025-05-21T06:02:43","date_gmt":"2025-05-21T13:02:43","guid":{"rendered":"https:\/\/rnoticias.com.mx\/Portal\/?p=219097"},"modified":"2025-05-21T06:02:43","modified_gmt":"2025-05-21T13:02:43","slug":"visitara-brad-pitt-mexico","status":"publish","type":"post","link":"https:\/\/rnoticias.com.mx\/Portal\/2025\/05\/21\/visitara-brad-pitt-mexico\/","title":{"rendered":"Visitar\u00e1 Brad Pitt M\u00e9xico"},"content":{"rendered":"<p>El pr\u00f3ximo 9 de junio, la Ciudad de M\u00e9xico ser\u00e1 el escenario de una jornada llena de emoci\u00f3n y velocidad con la presencia de Brad Pitt y el reparto de F1: La Pel\u00edcula. Como parte de su recorrido promocional, el actor estadounidense estar\u00e1 acompa\u00f1ado del director Joseph Kosinski, as\u00ed como de los int\u00e9rpretes Damson Idris y Kerry Condon, en un evento especial que se llevar\u00e1 a cabo en Parque Toreo, donde el p\u00fablico podr\u00e1 acercarse a esta producci\u00f3n que promete revolucionar el cine deportivo.<\/p>\n<p>Bajo la direcci\u00f3n de Joseph Kosinski y respaldada por Apple Original Films\u00a0en colaboraci\u00f3n con\u00a0Warner Bros. Pictures, esta cinta promete ser una de las adaptaciones m\u00e1s fieles del mundo del automovilismo. La trama sigue a Sonny Hayes\u00a0(Brad Pitt), un ex fen\u00f3meno de la F\u00f3rmula 1 en los a\u00f1os 90, quien se aleja de las pistas tras un accidente devastador. Tres d\u00e9cadas m\u00e1s tarde, recibe una oportunidad definitiva al integrarse al ficticio equipon APXGP, donde comparte pista con\u00a0Joshua Pearce (Damson Idris), un piloto joven con sed de gloria.<\/p>\n<p>La cinta fue rodada durante fines de semana reales de Grandes Premios, lo que aporta una dosis \u00fanica de autenticidad. Adem\u00e1s, Lewis Hamilton no solo aparece en la pel\u00edcula, sino que tambi\u00e9n participa como productor.<\/p>\n<div id=\"eldia-2526740194\" class=\"eldia-contenido eldia-target\" data-eldia-trackid=\"1573641\" data-eldia-trackbid=\"1\"><\/div>\n<p>La llegada del actor a M\u00e9xico no es un hecho aislado. A lo largo de su trayectoria, Pitt ha visitado el pa\u00eds por distintos motivos: rodajes, conferencias de prensa y viajes personales.<\/p>\n","protected":false},"excerpt":{"rendered":"<p>El pr\u00f3ximo 9 de junio, la Ciudad de M\u00e9xico ser\u00e1 el escenario de una jornada llena de emoci\u00f3n y velocidad con la presencia de Brad Pitt y el reparto de F1: La Pel\u00edcula. Como parte de su recorrido promocional, el actor estadounidense estar\u00e1 acompa\u00f1ado del director Joseph Kosinski, as\u00ed como de los int\u00e9rpretes Damson Idris [&hellip;]<\/p>\n","protected":false},"author":2,"featured_media":219098,"comment_status":"closed","ping_status":"closed","sticky":false,"template":"","format":"standard","meta":{"footnotes":""},"categories":[12870,219],"tags":[12865,12875],"class_list":["post-219097","post","type-post","status-publish","format-standard","has-post-thumbnail","hentry","category-destacadas","category-espectaculos","tag-destacadas","tag-espectaculos"],"jetpack_featured_media_url":"https:\/\/rnoticias.com.mx\/Portal\/wp-content\/uploads\/2025\/05\/gettyimages-1165177751-2000-d105ca4fa12c49efae54bba6cac13822.jpg","amp_enabled":true,"_links":{"self":[{"href":"https:\/\/rnoticias.com.mx\/Portal\/wp-json\/wp\/v2\/posts\/219097","targetHints":{"allow":["GET"]}}],"collection":[{"href":"https:\/\/rnoticias.com.mx\/Portal\/wp-json\/wp\/v2\/posts"}],"about":[{"href":"https:\/\/rnoticias.com.mx\/Portal\/wp-json\/wp\/v2\/types\/post"}],"author":[{"embeddable":true,"href":"https:\/\/rnoticias.com.mx\/Portal\/wp-json\/wp\/v2\/users\/2"}],"replies":[{"embeddable":true,"href":"https:\/\/rnoticias.com.mx\/Portal\/wp-json\/wp\/v2\/comments?post=219097"}],"version-history":[{"count":1,"href":"https:\/\/rnoticias.com.mx\/Portal\/wp-json\/wp\/v2\/posts\/219097\/revisions"}],"predecessor-version":[{"id":219099,"href":"https:\/\/rnoticias.com.mx\/Portal\/wp-json\/wp\/v2\/posts\/219097\/revisions\/219099"}],"wp:featuredmedia":[{"embeddable":true,"href":"https:\/\/rnoticias.com.mx\/Portal\/wp-json\/wp\/v2\/media\/219098"}],"wp:attachment":[{"href":"https:\/\/rnoticias.com.mx\/Portal\/wp-json\/wp\/v2\/media?parent=219097"}],"wp:term":[{"taxonomy":"category","embeddable":true,"href":"https:\/\/rnoticias.com.mx\/Portal\/wp-json\/wp\/v2\/categories?post=219097"},{"taxonomy":"post_tag","embeddable":true,"href":"https:\/\/rnoticias.com.mx\/Portal\/wp-json\/wp\/v2\/tags?post=219097"}],"curies":[{"name":"wp","href":"https:\/\/api.w.org\/{rel}","templated":true}]}}