{"id":219033,"date":"2025-05-20T19:42:40","date_gmt":"2025-05-21T02:42:40","guid":{"rendered":"https:\/\/rnoticias.com.mx\/Portal\/?p=219033"},"modified":"2025-05-20T19:42:40","modified_gmt":"2025-05-21T02:42:40","slug":"apicultores-sonorenses-enfrentan-los-estragos-de-la-sequia-que-amenaza-la-produccion-de-miel-y-la-polinizacion","status":"publish","type":"post","link":"https:\/\/rnoticias.com.mx\/Portal\/2025\/05\/20\/apicultores-sonorenses-enfrentan-los-estragos-de-la-sequia-que-amenaza-la-produccion-de-miel-y-la-polinizacion\/","title":{"rendered":"Apicultores sonorenses enfrentan los estragos de la sequ\u00eda que amenaza la producci\u00f3n de miel y la polinizaci\u00f3n"},"content":{"rendered":"<p>Hermosillo, Sonora. La persistente sequ\u00eda que afecta a Sonora desde hace varios a\u00f1os ha provocado una significativa disminuci\u00f3n en la actividad ap\u00edcola, una labor que no solo representa un beneficio econ\u00f3mico para quienes la practican, sino que tambi\u00e9n es vital para la salud ambiental y la producci\u00f3n agr\u00edcola.<\/p>\n<p>&nbsp;<\/p>\n<p>M\u00f3nica Rivera Quintana, apicultora local, se\u00f1al\u00f3 que la escasez de lluvias ha reducido dr\u00e1sticamente la floraci\u00f3n del monte, principal fuente de n\u00e9ctar para las abejas.<\/p>\n<p>&nbsp;<\/p>\n<p>\u201cLa falta de lluvia en los \u00faltimos dos o tres a\u00f1os ha provocado que la floraci\u00f3n mel\u00edfera, que es la que las abejas visitan para obtener n\u00e9ctar, se est\u00e9 secando y desapareciendo\u201d, explic\u00f3.<\/p>\n<p>&nbsp;<\/p>\n<p>Para mitigar estos efectos, los apicultores han implementado medidas como la colocaci\u00f3n de dep\u00f3sitos con agua cerca de las colmenas. De esta manera, las abejas pueden hidratarse y mantener las colmenas frescas, ayudando a su supervivencia en un entorno cada vez m\u00e1s hostil.<\/p>\n<p>&nbsp;<\/p>\n<p>Rivera Quintana enfatiz\u00f3 la importancia de la apicultura no solo como una actividad econ\u00f3mica, sino como un pilar fundamental en la producci\u00f3n alimentaria mundial, ya que m\u00e1s del 70% de los cultivos dependen de la polinizaci\u00f3n que realizan las abejas.<\/p>\n<p>&nbsp;<\/p>\n<p>\u201cLa apicultura est\u00e1 estrechamente ligada a la ganader\u00eda y a la agricultura, y tambi\u00e9n est\u00e1 siendo afectada por la sequ\u00eda, al igual que otras especies menores en la regi\u00f3n\u201d, concluy\u00f3.<\/p>\n<p>&nbsp;<\/p>\n","protected":false},"excerpt":{"rendered":"<p>Hermosillo, Sonora. La persistente sequ\u00eda que afecta a Sonora desde hace varios a\u00f1os ha provocado una significativa disminuci\u00f3n en la actividad ap\u00edcola, una labor que no solo representa un beneficio econ\u00f3mico para quienes la practican, sino que tambi\u00e9n es vital para la salud ambiental y la producci\u00f3n agr\u00edcola. &nbsp; M\u00f3nica Rivera Quintana, apicultora local, se\u00f1al\u00f3 [&hellip;]<\/p>\n","protected":false},"author":2,"featured_media":219034,"comment_status":"closed","ping_status":"closed","sticky":false,"template":"","format":"standard","meta":{"footnotes":""},"categories":[12870,178],"tags":[12865,12869],"class_list":["post-219033","post","type-post","status-publish","format-standard","has-post-thumbnail","hentry","category-destacadas","category-local","tag-destacadas","tag-local"],"jetpack_featured_media_url":"https:\/\/rnoticias.com.mx\/Portal\/wp-content\/uploads\/2025\/05\/05498d3d-d0bc-42a6-a93a-798ff11ac71f.jpg","amp_enabled":true,"_links":{"self":[{"href":"https:\/\/rnoticias.com.mx\/Portal\/wp-json\/wp\/v2\/posts\/219033","targetHints":{"allow":["GET"]}}],"collection":[{"href":"https:\/\/rnoticias.com.mx\/Portal\/wp-json\/wp\/v2\/posts"}],"about":[{"href":"https:\/\/rnoticias.com.mx\/Portal\/wp-json\/wp\/v2\/types\/post"}],"author":[{"embeddable":true,"href":"https:\/\/rnoticias.com.mx\/Portal\/wp-json\/wp\/v2\/users\/2"}],"replies":[{"embeddable":true,"href":"https:\/\/rnoticias.com.mx\/Portal\/wp-json\/wp\/v2\/comments?post=219033"}],"version-history":[{"count":1,"href":"https:\/\/rnoticias.com.mx\/Portal\/wp-json\/wp\/v2\/posts\/219033\/revisions"}],"predecessor-version":[{"id":219035,"href":"https:\/\/rnoticias.com.mx\/Portal\/wp-json\/wp\/v2\/posts\/219033\/revisions\/219035"}],"wp:featuredmedia":[{"embeddable":true,"href":"https:\/\/rnoticias.com.mx\/Portal\/wp-json\/wp\/v2\/media\/219034"}],"wp:attachment":[{"href":"https:\/\/rnoticias.com.mx\/Portal\/wp-json\/wp\/v2\/media?parent=219033"}],"wp:term":[{"taxonomy":"category","embeddable":true,"href":"https:\/\/rnoticias.com.mx\/Portal\/wp-json\/wp\/v2\/categories?post=219033"},{"taxonomy":"post_tag","embeddable":true,"href":"https:\/\/rnoticias.com.mx\/Portal\/wp-json\/wp\/v2\/tags?post=219033"}],"curies":[{"name":"wp","href":"https:\/\/api.w.org\/{rel}","templated":true}]}}