{"id":219030,"date":"2025-05-20T19:40:31","date_gmt":"2025-05-21T02:40:31","guid":{"rendered":"https:\/\/rnoticias.com.mx\/Portal\/?p=219030"},"modified":"2025-05-20T19:40:31","modified_gmt":"2025-05-21T02:40:31","slug":"gobierno-de-sonora-fortalece-lazos-de-colaboracion-con-el-sector-empresarial-del-estado","status":"publish","type":"post","link":"https:\/\/rnoticias.com.mx\/Portal\/2025\/05\/20\/gobierno-de-sonora-fortalece-lazos-de-colaboracion-con-el-sector-empresarial-del-estado\/","title":{"rendered":"Gobierno de Sonora fortalece lazos de colaboraci\u00f3n con el sector empresarial del estado"},"content":{"rendered":"<p align=\"left\">Hermosillo, Sonora; 20 de mayo de 2025.- Con el objetivo de fortalecer la vinculaci\u00f3n y el trabajo conjunto entre el gobierno estatal y los sectores productivos, el Gobierno de Sonora, a trav\u00e9s de la Secretar\u00eda de Econom\u00eda y Turismo (Setur), llev\u00f3 a cabo una reuni\u00f3n de seguimiento con los presidentes de las c\u00e1maras empresariales de la entidad.<\/p>\n<p align=\"left\">El encuentro tuvo como prop\u00f3sito principal mantener un di\u00e1logo abierto entre las autoridades estatales y los representantes del sector privado, abordando temas estrat\u00e9gicos para el desarrollo econ\u00f3mico en las distintas regiones del estado. En la reuni\u00f3n se discutieron propuestas y mecanismos para impulsar la competitividad, atraer inversiones y generar empleos en sectores clave de la econom\u00eda sonorense.<\/p>\n<p align=\"left\">El titular de la Secretar\u00eda de Econom\u00eda y Turismo, Roberto Gradillas Pineda, destac\u00f3 la importancia del compromiso de la administraci\u00f3n estatal para construir una econom\u00eda s\u00f3lida y sostenible, basada en la colaboraci\u00f3n entre todos los actores involucrados.<\/p>\n<p align=\"left\">\u201cBajo el liderazgo del gobernador Alfonso Durazo, estamos consolidando una pol\u00edtica econ\u00f3mica que pone en el centro la colaboraci\u00f3n entre el sector p\u00fablico y privado, escuchando las voces de quienes d\u00eda a d\u00eda generan empleo y crecimiento. Esta sinergia es clave para transformar la realidad econ\u00f3mica de Sonora\u201d, se\u00f1al\u00f3 Gradillas Pineda.<\/p>\n<p align=\"left\">El Gobierno de Sonora continuar\u00e1 promoviendo estos espacios de di\u00e1logo y trabajo conjunto, asegurando que las estrategias de desarrollo econ\u00f3mico respondan a las necesidades reales del sector productivo en el estado.<\/p>\n","protected":false},"excerpt":{"rendered":"<p>Hermosillo, Sonora; 20 de mayo de 2025.- Con el objetivo de fortalecer la vinculaci\u00f3n y el trabajo conjunto entre el gobierno estatal y los sectores productivos, el Gobierno de Sonora, a trav\u00e9s de la Secretar\u00eda de Econom\u00eda y Turismo (Setur), llev\u00f3 a cabo una reuni\u00f3n de seguimiento con los presidentes de las c\u00e1maras empresariales de [&hellip;]<\/p>\n","protected":false},"author":2,"featured_media":219031,"comment_status":"closed","ping_status":"closed","sticky":false,"template":"","format":"standard","meta":{"footnotes":""},"categories":[12870,178],"tags":[12865,12869],"class_list":["post-219030","post","type-post","status-publish","format-standard","has-post-thumbnail","hentry","category-destacadas","category-local","tag-destacadas","tag-local"],"jetpack_featured_media_url":"https:\/\/rnoticias.com.mx\/Portal\/wp-content\/uploads\/2025\/05\/unnamed-1-33.jpg","amp_enabled":true,"_links":{"self":[{"href":"https:\/\/rnoticias.com.mx\/Portal\/wp-json\/wp\/v2\/posts\/219030","targetHints":{"allow":["GET"]}}],"collection":[{"href":"https:\/\/rnoticias.com.mx\/Portal\/wp-json\/wp\/v2\/posts"}],"about":[{"href":"https:\/\/rnoticias.com.mx\/Portal\/wp-json\/wp\/v2\/types\/post"}],"author":[{"embeddable":true,"href":"https:\/\/rnoticias.com.mx\/Portal\/wp-json\/wp\/v2\/users\/2"}],"replies":[{"embeddable":true,"href":"https:\/\/rnoticias.com.mx\/Portal\/wp-json\/wp\/v2\/comments?post=219030"}],"version-history":[{"count":1,"href":"https:\/\/rnoticias.com.mx\/Portal\/wp-json\/wp\/v2\/posts\/219030\/revisions"}],"predecessor-version":[{"id":219032,"href":"https:\/\/rnoticias.com.mx\/Portal\/wp-json\/wp\/v2\/posts\/219030\/revisions\/219032"}],"wp:featuredmedia":[{"embeddable":true,"href":"https:\/\/rnoticias.com.mx\/Portal\/wp-json\/wp\/v2\/media\/219031"}],"wp:attachment":[{"href":"https:\/\/rnoticias.com.mx\/Portal\/wp-json\/wp\/v2\/media?parent=219030"}],"wp:term":[{"taxonomy":"category","embeddable":true,"href":"https:\/\/rnoticias.com.mx\/Portal\/wp-json\/wp\/v2\/categories?post=219030"},{"taxonomy":"post_tag","embeddable":true,"href":"https:\/\/rnoticias.com.mx\/Portal\/wp-json\/wp\/v2\/tags?post=219030"}],"curies":[{"name":"wp","href":"https:\/\/api.w.org\/{rel}","templated":true}]}}