{"id":219027,"date":"2025-05-20T19:39:44","date_gmt":"2025-05-21T02:39:44","guid":{"rendered":"https:\/\/rnoticias.com.mx\/Portal\/?p=219027"},"modified":"2025-05-20T19:39:44","modified_gmt":"2025-05-21T02:39:44","slug":"reconoce-imss-en-sonora-a-personal-con-25-y-30-anos-de-servicio","status":"publish","type":"post","link":"https:\/\/rnoticias.com.mx\/Portal\/2025\/05\/20\/reconoce-imss-en-sonora-a-personal-con-25-y-30-anos-de-servicio\/","title":{"rendered":"Reconoce IMSS en Sonora a personal con 25 y 30 a\u00f1os de servicio"},"content":{"rendered":"<div>Por su trayectoria de 25 y 30 a\u00f1os al servicio de la derechohabiencia, la Representaci\u00f3n del Instituto Mexicano del Seguro Social (IMSS) en Sonora reconoci\u00f3 la antig\u00fcedad laboral a trabajadoras y trabajadores, quienes a trav\u00e9s de su esfuerzo y dedicaci\u00f3n han sido parte importante de la consolidaci\u00f3n de los servicios administrativos y de salud del instituto hacia sus usuarios.<\/div>\n<div><\/div>\n<div>La titular del IMSS en la entidad, doctora Ang\u00e9lica Mariel Mart\u00ednez L\u00f3pez, destac\u00f3 el compromiso y profesionalismo de estas trabajadoras y trabajadores que han dedicado parte de su vida al servicio de los derechohabientes y con el orgullo de pertenecer a una instituci\u00f3n que avanza hacia la grandeza d\u00eda con d\u00eda, con el apoyo de sus empleados en hospitales y oficinas administrativas.<\/div>\n<div><\/div>\n<div>\u201cEn el IMSS somos una gran familia donde a trav\u00e9s de nuestras acciones formamos y dejamos un legado; dentro de su trayectoria ustedes nos han transmitido muchos conocimientos y experiencias que nos comprometen a ser mejores y a continuar creciendo para ayudar a quienes requieren una consulta m\u00e9dica o realizar alg\u00fan tr\u00e1mite administrativo\u201d, subray\u00f3 Mart\u00ednez L\u00f3pez.<\/div>\n<div><\/div>\n<div>El Secretario General del Sindicato Nacional De Trabajadores del Seguro Social (SNTSS) Secci\u00f3n XIII, Joel C\u00e1rdenas Sep\u00falveda, resalt\u00f3 que gracias a su recurso humano, el IMSS es una instituci\u00f3n que ha trascendido en la mejora de sus servicios, por ello reconoce la aportaci\u00f3n realizada de los empleados galardonados siempre en apego a los principios institucionales.<\/div>\n<div><\/div>\n<div>En la ceremonia se cont\u00f3 con la presencia de la doctora Patricia Garc\u00eda Ram\u00edrez, directora de la Unidad M\u00e9dica de Alta Especialidad (UMAE) en Ciudad Obreg\u00f3n; la licenciada Nitza Nubia Flores Lastra, jefa de los servicios de Desarrollo de Personal; el doctor Manuel de Jes\u00fas L\u00f3pez Castro, Jefe de Prestaciones M\u00e9dicas e integrantes de cuerpo de Gobierno Delegacional.<\/div>\n","protected":false},"excerpt":{"rendered":"<p>Por su trayectoria de 25 y 30 a\u00f1os al servicio de la derechohabiencia, la Representaci\u00f3n del Instituto Mexicano del Seguro Social (IMSS) en Sonora reconoci\u00f3 la antig\u00fcedad laboral a trabajadoras y trabajadores, quienes a trav\u00e9s de su esfuerzo y dedicaci\u00f3n han sido parte importante de la consolidaci\u00f3n de los servicios administrativos y de salud del [&hellip;]<\/p>\n","protected":false},"author":2,"featured_media":219028,"comment_status":"closed","ping_status":"closed","sticky":false,"template":"","format":"standard","meta":{"footnotes":""},"categories":[12870,178],"tags":[12865,12869],"class_list":["post-219027","post","type-post","status-publish","format-standard","has-post-thumbnail","hentry","category-destacadas","category-local","tag-destacadas","tag-local"],"jetpack_featured_media_url":"https:\/\/rnoticias.com.mx\/Portal\/wp-content\/uploads\/2025\/05\/2-2-scaled.jpeg","amp_enabled":true,"_links":{"self":[{"href":"https:\/\/rnoticias.com.mx\/Portal\/wp-json\/wp\/v2\/posts\/219027","targetHints":{"allow":["GET"]}}],"collection":[{"href":"https:\/\/rnoticias.com.mx\/Portal\/wp-json\/wp\/v2\/posts"}],"about":[{"href":"https:\/\/rnoticias.com.mx\/Portal\/wp-json\/wp\/v2\/types\/post"}],"author":[{"embeddable":true,"href":"https:\/\/rnoticias.com.mx\/Portal\/wp-json\/wp\/v2\/users\/2"}],"replies":[{"embeddable":true,"href":"https:\/\/rnoticias.com.mx\/Portal\/wp-json\/wp\/v2\/comments?post=219027"}],"version-history":[{"count":1,"href":"https:\/\/rnoticias.com.mx\/Portal\/wp-json\/wp\/v2\/posts\/219027\/revisions"}],"predecessor-version":[{"id":219029,"href":"https:\/\/rnoticias.com.mx\/Portal\/wp-json\/wp\/v2\/posts\/219027\/revisions\/219029"}],"wp:featuredmedia":[{"embeddable":true,"href":"https:\/\/rnoticias.com.mx\/Portal\/wp-json\/wp\/v2\/media\/219028"}],"wp:attachment":[{"href":"https:\/\/rnoticias.com.mx\/Portal\/wp-json\/wp\/v2\/media?parent=219027"}],"wp:term":[{"taxonomy":"category","embeddable":true,"href":"https:\/\/rnoticias.com.mx\/Portal\/wp-json\/wp\/v2\/categories?post=219027"},{"taxonomy":"post_tag","embeddable":true,"href":"https:\/\/rnoticias.com.mx\/Portal\/wp-json\/wp\/v2\/tags?post=219027"}],"curies":[{"name":"wp","href":"https:\/\/api.w.org\/{rel}","templated":true}]}}