{"id":219024,"date":"2025-05-20T18:44:12","date_gmt":"2025-05-21T01:44:12","guid":{"rendered":"https:\/\/rnoticias.com.mx\/Portal\/?p=219024"},"modified":"2025-05-20T18:44:12","modified_gmt":"2025-05-21T01:44:12","slug":"inah-sonora-supervisa-mercado-municipal-no-1","status":"publish","type":"post","link":"https:\/\/rnoticias.com.mx\/Portal\/2025\/05\/20\/inah-sonora-supervisa-mercado-municipal-no-1\/","title":{"rendered":"INAH Sonora supervisa Mercado Municipal No.1"},"content":{"rendered":"<p>Hermosillo, Sonora. El Instituto Nacional de Antropolog\u00eda e Historia (INAH) en Sonora sigue al tanto del proyecto de rehabilitaci\u00f3n del Mercado Municipal No. 1 \u201cJos\u00e9 Mar\u00eda Pino Su\u00e1rez\u201d, ubicado en el centro de Hermosillo.<\/p>\n<p>&nbsp;<\/p>\n<p>Zen\u00f3n Tiburcio Robles, director del Centro INAH Sonora, explic\u00f3 que desde la etapa inicial del proyecto, han hecho una supervisi\u00f3n para garantizar se trabaje conforme a las normas que rigen a los monumentos hist\u00f3ricos.<\/p>\n<p>&nbsp;<\/p>\n<p>\u201cEl objetivo es asegurar la correcta restauraci\u00f3n de este emblem\u00e1tico edificio que abri\u00f3 sus puertas en 1913 y del cual se espera finalicen las obras en los pr\u00f3ximos d\u00edas\u201d, dijo.<\/p>\n<p>&nbsp;<\/p>\n<p>Reconoci\u00f3, que el INAH ha hecho recomendaciones para mejorar los procedimientos y la aplicaci\u00f3n de materiales aplicados en ese inmueble.<\/p>\n<p>&nbsp;<\/p>\n","protected":false},"excerpt":{"rendered":"<p>Hermosillo, Sonora. El Instituto Nacional de Antropolog\u00eda e Historia (INAH) en Sonora sigue al tanto del proyecto de rehabilitaci\u00f3n del Mercado Municipal No. 1 \u201cJos\u00e9 Mar\u00eda Pino Su\u00e1rez\u201d, ubicado en el centro de Hermosillo. &nbsp; Zen\u00f3n Tiburcio Robles, director del Centro INAH Sonora, explic\u00f3 que desde la etapa inicial del proyecto, han hecho una supervisi\u00f3n [&hellip;]<\/p>\n","protected":false},"author":2,"featured_media":219025,"comment_status":"closed","ping_status":"closed","sticky":false,"template":"","format":"standard","meta":{"footnotes":""},"categories":[12870,178],"tags":[12865,12869],"class_list":["post-219024","post","type-post","status-publish","format-standard","has-post-thumbnail","hentry","category-destacadas","category-local","tag-destacadas","tag-local"],"jetpack_featured_media_url":"https:\/\/rnoticias.com.mx\/Portal\/wp-content\/uploads\/2025\/05\/GOBER-MERCADO-3-900x900-1.jpg","amp_enabled":true,"_links":{"self":[{"href":"https:\/\/rnoticias.com.mx\/Portal\/wp-json\/wp\/v2\/posts\/219024","targetHints":{"allow":["GET"]}}],"collection":[{"href":"https:\/\/rnoticias.com.mx\/Portal\/wp-json\/wp\/v2\/posts"}],"about":[{"href":"https:\/\/rnoticias.com.mx\/Portal\/wp-json\/wp\/v2\/types\/post"}],"author":[{"embeddable":true,"href":"https:\/\/rnoticias.com.mx\/Portal\/wp-json\/wp\/v2\/users\/2"}],"replies":[{"embeddable":true,"href":"https:\/\/rnoticias.com.mx\/Portal\/wp-json\/wp\/v2\/comments?post=219024"}],"version-history":[{"count":1,"href":"https:\/\/rnoticias.com.mx\/Portal\/wp-json\/wp\/v2\/posts\/219024\/revisions"}],"predecessor-version":[{"id":219026,"href":"https:\/\/rnoticias.com.mx\/Portal\/wp-json\/wp\/v2\/posts\/219024\/revisions\/219026"}],"wp:featuredmedia":[{"embeddable":true,"href":"https:\/\/rnoticias.com.mx\/Portal\/wp-json\/wp\/v2\/media\/219025"}],"wp:attachment":[{"href":"https:\/\/rnoticias.com.mx\/Portal\/wp-json\/wp\/v2\/media?parent=219024"}],"wp:term":[{"taxonomy":"category","embeddable":true,"href":"https:\/\/rnoticias.com.mx\/Portal\/wp-json\/wp\/v2\/categories?post=219024"},{"taxonomy":"post_tag","embeddable":true,"href":"https:\/\/rnoticias.com.mx\/Portal\/wp-json\/wp\/v2\/tags?post=219024"}],"curies":[{"name":"wp","href":"https:\/\/api.w.org\/{rel}","templated":true}]}}