{"id":219021,"date":"2025-05-20T18:31:45","date_gmt":"2025-05-21T01:31:45","guid":{"rendered":"https:\/\/rnoticias.com.mx\/Portal\/?p=219021"},"modified":"2025-05-20T18:31:45","modified_gmt":"2025-05-21T01:31:45","slug":"mayos-salen-de-navojoa-en-la-lmp-se-mudarian-a-tucson","status":"publish","type":"post","link":"https:\/\/rnoticias.com.mx\/Portal\/2025\/05\/20\/mayos-salen-de-navojoa-en-la-lmp-se-mudarian-a-tucson\/","title":{"rendered":"Mayos salen de Navojoa en la LMP; se mudar\u00edan a Tucson"},"content":{"rendered":"<p>Hermosillo, Sonora. Dirigentes de la Liga Arco Mexicana del Pacifico (LMP), confirmaron una noticia que ya ten\u00eda meses especulando y finalmente este martes 20 de mayo explot\u00f3: el equipo de Mayos de Navojoa ya no jugar\u00e1 m\u00e1s en esa ciudad del sur de Sonora.<\/p>\n<p>&nbsp;<\/p>\n<p>Salvador Escobar, presidente ejecutivo de la liga, manifest\u00f3 que oficialmente dicha organizaci\u00f3n de b\u00e9isbol profesional ya no jugar\u00e1 m\u00e1s en esa ciudad del sur de Sonora y que por muchos a\u00f1os form\u00f3 parte del circuito de invierno.<\/p>\n<p>&nbsp;<\/p>\n<p>\u201cTenemos que comentarles que es un hecho que la franquicia sale de Navojoa y con base en eso estamos ya tambi\u00e9n muy avanzados en su nueva sede, en la evaluaci\u00f3n que tenemos sobre la nueva plaza y todo apunta a que sea Tucson, Arizona\u201d, afirm\u00f3.<\/p>\n<p>&nbsp;<\/p>\n<p>Por su parte, el presidente del equipo Mayos, V\u00edctor Cuevas Valenzuela, confirm\u00f3 esa noticia y reconoci\u00f3 que a partir de la pr\u00f3xima temporada la organizaci\u00f3n jugar\u00e1 con otro nombre en su nueva sede que ser\u00e1 el estadio Kino Sports Complex.<\/p>\n<p>&nbsp;<\/p>\n<p>\u201cEst\u00e1 medida que nos duele por tantos a\u00f1os de estar en Navojoa la tomamos ya que no pudimos recuperarnos tras la pandemia en afici\u00f3n, patrocinadores e infraestructura. Por eso, la pr\u00f3xima temporada jugaremos con otro nombre ya que tomaremos la identidad de la ciudad de Tucson, Arizona. Precisamente el nuevo nombre lo vamos a determinar a trav\u00e9s de lo que nos digan la mayor\u00eda de nuestros aficionados\u201d, dijo.<\/p>\n<p>&nbsp;<\/p>\n<p>Cabe mencionar, que la organizaci\u00f3n de Mayos de Navojoa, naci\u00f3 en el a\u00f1o de 1959 cuando se integr\u00f3 a la Liga Mexicana del Pacifico y en todos eso a\u00f1os, gan\u00f3 dos campeonatos, el \u00faltimo de ellos en el a\u00f1o 1999-2000. Su casa ha sido el estadio de b\u00e9isbol Manuel \u201cCicl\u00f3n\u201d Echeverr\u00eda.<\/p>\n<p>&nbsp;<\/p>\n<p>Finalmente, en esa reuni\u00f3n de la Liga Arco Mexicana del Pacifico, se anunci\u00f3 la integraci\u00f3n al circuito del nuevo equipo los Jaguares de Nayarit y los cuales toman el lugar de los Sultanes de Monterrey.<\/p>\n<p>&nbsp;<\/p>\n","protected":false},"excerpt":{"rendered":"<p>Hermosillo, Sonora. Dirigentes de la Liga Arco Mexicana del Pacifico (LMP), confirmaron una noticia que ya ten\u00eda meses especulando y finalmente este martes 20 de mayo explot\u00f3: el equipo de Mayos de Navojoa ya no jugar\u00e1 m\u00e1s en esa ciudad del sur de Sonora. &nbsp; Salvador Escobar, presidente ejecutivo de la liga, manifest\u00f3 que oficialmente [&hellip;]<\/p>\n","protected":false},"author":2,"featured_media":219022,"comment_status":"closed","ping_status":"closed","sticky":false,"template":"","format":"standard","meta":{"footnotes":""},"categories":[188,12870],"tags":[5231,12865],"class_list":["post-219021","post","type-post","status-publish","format-standard","has-post-thumbnail","hentry","category-deportes","category-destacadas","tag-deportes","tag-destacadas"],"jetpack_featured_media_url":"https:\/\/rnoticias.com.mx\/Portal\/wp-content\/uploads\/2025\/05\/unnamed-92.jpg","amp_enabled":true,"_links":{"self":[{"href":"https:\/\/rnoticias.com.mx\/Portal\/wp-json\/wp\/v2\/posts\/219021","targetHints":{"allow":["GET"]}}],"collection":[{"href":"https:\/\/rnoticias.com.mx\/Portal\/wp-json\/wp\/v2\/posts"}],"about":[{"href":"https:\/\/rnoticias.com.mx\/Portal\/wp-json\/wp\/v2\/types\/post"}],"author":[{"embeddable":true,"href":"https:\/\/rnoticias.com.mx\/Portal\/wp-json\/wp\/v2\/users\/2"}],"replies":[{"embeddable":true,"href":"https:\/\/rnoticias.com.mx\/Portal\/wp-json\/wp\/v2\/comments?post=219021"}],"version-history":[{"count":1,"href":"https:\/\/rnoticias.com.mx\/Portal\/wp-json\/wp\/v2\/posts\/219021\/revisions"}],"predecessor-version":[{"id":219023,"href":"https:\/\/rnoticias.com.mx\/Portal\/wp-json\/wp\/v2\/posts\/219021\/revisions\/219023"}],"wp:featuredmedia":[{"embeddable":true,"href":"https:\/\/rnoticias.com.mx\/Portal\/wp-json\/wp\/v2\/media\/219022"}],"wp:attachment":[{"href":"https:\/\/rnoticias.com.mx\/Portal\/wp-json\/wp\/v2\/media?parent=219021"}],"wp:term":[{"taxonomy":"category","embeddable":true,"href":"https:\/\/rnoticias.com.mx\/Portal\/wp-json\/wp\/v2\/categories?post=219021"},{"taxonomy":"post_tag","embeddable":true,"href":"https:\/\/rnoticias.com.mx\/Portal\/wp-json\/wp\/v2\/tags?post=219021"}],"curies":[{"name":"wp","href":"https:\/\/api.w.org\/{rel}","templated":true}]}}