{"id":219015,"date":"2025-05-20T18:16:27","date_gmt":"2025-05-21T01:16:27","guid":{"rendered":"https:\/\/rnoticias.com.mx\/Portal\/?p=219015"},"modified":"2025-05-20T18:16:27","modified_gmt":"2025-05-21T01:16:27","slug":"las-canciones-que-christian-nodal-podria-dejar-de-tocar-si-pierde-el-juicio-que-hay-en-su-contra","status":"publish","type":"post","link":"https:\/\/rnoticias.com.mx\/Portal\/2025\/05\/20\/las-canciones-que-christian-nodal-podria-dejar-de-tocar-si-pierde-el-juicio-que-hay-en-su-contra\/","title":{"rendered":"Las canciones que Christian Nodal podr\u00eda dejar de tocar si pierde el juicio que hay en su contra"},"content":{"rendered":"<p><strong>Christian Nodal\u00a0<\/strong>se encuentra en una de las mejores etapas profesionales, est\u00e1 por lanzar su<strong>\u00a0\u00faltimo disco<\/strong>, empezar\u00e1 una gira por\u00a0<strong>Estados Unidos<\/strong>\u00a0y sigue sumando fan\u00e1ticos que conquista con su\u00a0<strong>m\u00fasica<\/strong>, pero tambi\u00e9n es parte de una\u00a0<strong>disputa legal<\/strong>\u00a0con una disquera por lo que tuvo que asistir a los juzgados de la\u00a0<strong>Ciudad de M\u00e9xico<\/strong>.<\/p>\n<p>El\u00a0<strong>cantante\u00a0<\/strong>acudi\u00f3 este lunes a una cita en\u00a0<strong>relaci\u00f3n\u00a0<\/strong>con los problemas legales que mantiene con\u00a0<strong>Universal Music<\/strong>\u00a0desde hace cuatro a\u00f1os.\u00a0<strong>Nodal\u00a0<\/strong>fue captado en el juzgado 6\u00ba Civil de Distrito de la\u00a0<strong>Ciudad de M\u00e9xico<\/strong>\u00a0y en redes sociales se filtraron algunos videos de su visita.<\/p>\n<p><strong>Nodal<\/strong>\u00a0apareci\u00f3 en los videos que ya est\u00e1n en toda la red con una actitud tranquila, sonriente e incluso se tom\u00f3 fotograf\u00edas con los fan\u00e1ticos que se encontr\u00f3, pero la situaci\u00f3n legal del\u00a0<strong>cantante de regional mexicano<\/strong>\u00a0no es tan simple, ya que, de perder el caso, algunas\u00a0<strong>canciones\u00a0<\/strong>que son parte de su repertorio y de las favoritas de sus seguidores podr\u00edan desaparecer y ya no las cantar\u00e1 en sus eventos.<\/p>\n<h2>\u00bfQu\u00e9 canciones podr\u00eda perder Nodal?<\/h2>\n<p>El\u00a0<strong>primer disco\u00a0<\/strong>que lanz\u00f3\u00a0<strong>Nodal\u00a0<\/strong>fue \u201cMe dej\u00e9 llevar\u201d, fue el \u00e1lbum de estudio debut lanzado en 2017 por<strong>\u00a0Fonovisa\u00a0<\/strong>y\u00a0<strong>Universal<\/strong>\u00a0<strong>Music<\/strong>, al igual que est\u00e1 en juego el segundo disco \u201cAhora\u201d que estren\u00f3 en 2019 y \u201cAyayay!\u201d, la tercera producci\u00f3n que fue compartida en 2020.<\/p>\n<aside class=\"htmlinline\"><\/aside>\n<ul>\n<li>\u201cAdi\u00f3s amor\u201d<\/li>\n<li>\u201cProbablemente\u201d<\/li>\n<li>\u201cTe voy a olvidar\u201d<\/li>\n<li>\u201cEres\u201d<\/li>\n<li>\u201cMe dej\u00e9 llevar\u201d<\/li>\n<li>\u201cTe fall\u00e9\u201d<\/li>\n<li>\u201cVas a querer regresar\u201d<\/li>\n<li>\u201cOjal\u00e1\u201d<\/li>\n<li>\u201cDe los besos que te di\u201d<\/li>\n<li>\u201cPerd\u00f3name\u201d<\/li>\n<li>\u201cAhora\u201d,<\/li>\n<li>\u201cNada nuevo\u201d<\/li>\n<li>\u201cSi usted fuera yo\u201d<\/li>\n<li>\u201cSi te falta alguien\u201d<\/li>\n<li>\u201cPara olvidarme\u201d<\/li>\n<li>\u201cNo te contaron mal\u201d<\/li>\n<li>\u201cAyayay!\u201d<\/li>\n<li>\u201cSe me olvid\u00f3\u201d<\/li>\n<li>\u201cAmor t\u00f3xico\u201d<\/li>\n<li>\u201cMi chula\u201d<\/li>\n<li>\u201cNo es justo x \u00e9l\u201d<\/li>\n<li>\u201cOjal\u00e1 fuera cierto\u201d<\/li>\n<\/ul>\n<p>&nbsp;<\/p>\n<h2>\u00bfPor qu\u00e9 demandan a Nodal?<\/h2>\n<p>La\u00a0<strong>demanda\u00a0<\/strong>de\u00a0<strong>Universal Music<\/strong>\u00a0a Nodal empez\u00f3 hace poco m\u00e1s de cuatro a\u00f1os, ya que el\u00a0<strong>famoso\u00a0<\/strong>se cambi\u00f3 de disquera e inici\u00f3 una problem\u00e1tica relacionada con\u00a0contratos\u00a0previos y derechos de explotaci\u00f3n musical, seg\u00fan algunos medios de comunicaci\u00f3n e informaci\u00f3n de la creadora de contenido Chamonic, se acusa al cantante y a sus padres de la\u00a0<strong>falsificaci\u00f3n de documentos<\/strong>\u00a0para adue\u00f1arse de la\u00a0<strong>m\u00fasica\u00a0<\/strong>de sus tres primeros discos:\u00a0\u201cMe deje\u00b4 llevar\u201d,\u00a0\u201cAhora\u201d\u00a0(2019) y \u201cAYAYAY!\u201d.<\/p>\n<p>Hasta el momento no se ha dado a conocer el seguimiento del caso y c\u00f3mo va la situaci\u00f3n de\u00a0<strong>Nodal\u00a0<\/strong>en torno a las canciones que podr\u00eda perder y ya no volver a cantar jam\u00e1s en sus eventos privados o p\u00fablicos, por lo que se espera una resoluci\u00f3n para las pr\u00f3ximas semanas.<\/p>\n","protected":false},"excerpt":{"rendered":"<p>Christian Nodal\u00a0se encuentra en una de las mejores etapas profesionales, est\u00e1 por lanzar su\u00a0\u00faltimo disco, empezar\u00e1 una gira por\u00a0Estados Unidos\u00a0y sigue sumando fan\u00e1ticos que conquista con su\u00a0m\u00fasica, pero tambi\u00e9n es parte de una\u00a0disputa legal\u00a0con una disquera por lo que tuvo que asistir a los juzgados de la\u00a0Ciudad de M\u00e9xico. El\u00a0cantante\u00a0acudi\u00f3 este lunes a una cita [&hellip;]<\/p>\n","protected":false},"author":2,"featured_media":219016,"comment_status":"closed","ping_status":"closed","sticky":false,"template":"","format":"standard","meta":{"footnotes":""},"categories":[12870,219],"tags":[12865,12875],"class_list":["post-219015","post","type-post","status-publish","format-standard","has-post-thumbnail","hentry","category-destacadas","category-espectaculos","tag-destacadas","tag-espectaculos"],"jetpack_featured_media_url":"https:\/\/rnoticias.com.mx\/Portal\/wp-content\/uploads\/2025\/05\/esta-es-la-lista-completa-de-canciones-del-disco-ayayay-de-christian-nodal.webp","amp_enabled":true,"_links":{"self":[{"href":"https:\/\/rnoticias.com.mx\/Portal\/wp-json\/wp\/v2\/posts\/219015","targetHints":{"allow":["GET"]}}],"collection":[{"href":"https:\/\/rnoticias.com.mx\/Portal\/wp-json\/wp\/v2\/posts"}],"about":[{"href":"https:\/\/rnoticias.com.mx\/Portal\/wp-json\/wp\/v2\/types\/post"}],"author":[{"embeddable":true,"href":"https:\/\/rnoticias.com.mx\/Portal\/wp-json\/wp\/v2\/users\/2"}],"replies":[{"embeddable":true,"href":"https:\/\/rnoticias.com.mx\/Portal\/wp-json\/wp\/v2\/comments?post=219015"}],"version-history":[{"count":1,"href":"https:\/\/rnoticias.com.mx\/Portal\/wp-json\/wp\/v2\/posts\/219015\/revisions"}],"predecessor-version":[{"id":219017,"href":"https:\/\/rnoticias.com.mx\/Portal\/wp-json\/wp\/v2\/posts\/219015\/revisions\/219017"}],"wp:featuredmedia":[{"embeddable":true,"href":"https:\/\/rnoticias.com.mx\/Portal\/wp-json\/wp\/v2\/media\/219016"}],"wp:attachment":[{"href":"https:\/\/rnoticias.com.mx\/Portal\/wp-json\/wp\/v2\/media?parent=219015"}],"wp:term":[{"taxonomy":"category","embeddable":true,"href":"https:\/\/rnoticias.com.mx\/Portal\/wp-json\/wp\/v2\/categories?post=219015"},{"taxonomy":"post_tag","embeddable":true,"href":"https:\/\/rnoticias.com.mx\/Portal\/wp-json\/wp\/v2\/tags?post=219015"}],"curies":[{"name":"wp","href":"https:\/\/api.w.org\/{rel}","templated":true}]}}