{"id":219004,"date":"2025-05-20T18:09:47","date_gmt":"2025-05-21T01:09:47","guid":{"rendered":"https:\/\/rnoticias.com.mx\/Portal\/?p=219004"},"modified":"2025-05-20T18:09:47","modified_gmt":"2025-05-21T01:09:47","slug":"invita-tono-astiazaran-a-las-y-los-jovenes-a-ser-extraordinarios-en-su-proyecto-de-vida","status":"publish","type":"post","link":"https:\/\/rnoticias.com.mx\/Portal\/2025\/05\/20\/invita-tono-astiazaran-a-las-y-los-jovenes-a-ser-extraordinarios-en-su-proyecto-de-vida\/","title":{"rendered":"Invita To\u00f1o Astiazar\u00e1n a las y los j\u00f3venes a ser extraordinarios en su proyecto de vida"},"content":{"rendered":"<p><b data-olk-copy-source=\"MessageBody\">Hermosillo, Sonora; 20 de mayo, 2025.-<\/b>\u00a0En el cierre del Congreso organizado por de DIF Hermosillo y el Instituto Hermosillense de la Juventud (IHJ) \u201cS\u00e9 Extraordinario\u201d, el presidente municipal, Antonio Astiazar\u00e1n Guti\u00e9rrez, exhort\u00f3 a estudiantes de preparatoria a aprovechar la oportunidad que la asociaci\u00f3n Red Familia trajo para que salieran siendo mejores personas.<\/p>\n<p aria-hidden=\"true\">\n<p>\u00a0\u201cQuiero invitarlas e invitarlos a ser extraordinarios, a no rendirnos, a no rajarnos, a dar lo mejor de nosotros mismos para ser siempre mejores personas, yo quiero invitarlos a hacer un Hermosillo del que todas y todos nos podamos sentir muy orgullosos, que hagamos que la H suene muy fuerte aqu\u00ed y en todas las partes de M\u00e9xico\u201d, expres\u00f3.<\/p>\n<p aria-hidden=\"true\">\n<p>Acompa\u00f1ado por su esposa y presidenta de DIF Hermosillo, Patricia Ruibal, Astiazar\u00e1n Guti\u00e9rrez, dijo que son un gobierno que cree en la familia y que no se puede tener una familia fuerte y con valores, si antes cada uno no se conoce a s\u00ed mismo y aprende a superar cualquier obst\u00e1culo que se ponga enfrente.<\/p>\n<p aria-hidden=\"true\">\n<p>Nallely Cruz Solache, directora de Proyectos y Desarrollo Institucional de Red Familia, agradeci\u00f3 que recibieran este proyecto que busca formar j\u00f3venes y contribuir en su salud mental y emocional.<\/p>\n<p aria-hidden=\"true\">\n<p>\u201cEs un espacio que los invita a tener un encuentro consigo mismos, a conocerse, a reconocerse como personas \u00fanicas, como personas insustituibles con una dignidad enorme, llenas de talentos, de sue\u00f1os y de metas\u201d, manifest\u00f3.<\/p>\n<p aria-hidden=\"true\">\n<p>La directora de DIF Hermosillo, Madeleine Bonnafoux Alcaraz, dio las gracias a la asociaci\u00f3n civil por traer esta gran iniciativa que busca formar j\u00f3venes l\u00edderes con valores, pero tambi\u00e9n con mucha visi\u00f3n y con conciencia; y a las y los conferencistas que los acompa\u00f1aron de varias partes del pa\u00eds.<\/p>\n<p aria-hidden=\"true\">\n<p>El congreso estuvo dirigido a alrededor de 600 alumnas y alumnos de los Cbtis 132 y 206; y de Cecytes, planteles Justo Sierra, Miguel Alem\u00e1n y La Manga; as\u00ed como del Cobach Nuevo Hermosillo.<\/p>\n<p aria-hidden=\"true\">\n<p>Los conferencistas fueron Marcos Lome, las hermanas del grupo Somos Buscaminas, Jorge Rinc\u00f3n, Daniel Garc\u00eda y cerr\u00f3 Perla V\u00e1zquez, con el tema Sanando el coraz\u00f3n.<\/p>\n<p aria-hidden=\"true\">\n<p>Estuvieron Mar\u00eda Paula Astiazar\u00e1n, presidenta del Voluntariado del DIF Hermosillo; Elizabeth Mej\u00eda Palma, encargada de despacho de la Direcci\u00f3n de Bienestar Humano del Ayuntamiento de M\u00e9rida, Yucat\u00e1n; Jasm\u00edn Medina, de la red de Acci\u00f3n, \u00c9tica y Pol\u00edtica (RAEP); Ana Baranzini, miembro del Patronato de DIF Hermosillo; Lizeth Salazar L\u00f3pez, directora de la familia de DIF Hermosillo; Francisco Villaescusa Carrillo, director del IHJ; y las regidoras Dulce Robles y M\u00f3nica Robles.<\/p>\n<p><b>\u00a0<\/b><\/p>\n","protected":false},"excerpt":{"rendered":"<p>Hermosillo, Sonora; 20 de mayo, 2025.-\u00a0En el cierre del Congreso organizado por de DIF Hermosillo y el Instituto Hermosillense de la Juventud (IHJ) \u201cS\u00e9 Extraordinario\u201d, el presidente municipal, Antonio Astiazar\u00e1n Guti\u00e9rrez, exhort\u00f3 a estudiantes de preparatoria a aprovechar la oportunidad que la asociaci\u00f3n Red Familia trajo para que salieran siendo mejores personas. \u00a0\u201cQuiero invitarlas e [&hellip;]<\/p>\n","protected":false},"author":2,"featured_media":219005,"comment_status":"closed","ping_status":"closed","sticky":false,"template":"","format":"standard","meta":{"footnotes":""},"categories":[12870,178],"tags":[12865,12869],"class_list":["post-219004","post","type-post","status-publish","format-standard","has-post-thumbnail","hentry","category-destacadas","category-local","tag-destacadas","tag-local"],"jetpack_featured_media_url":"https:\/\/rnoticias.com.mx\/Portal\/wp-content\/uploads\/2025\/05\/Invita-Tono-Astiazaran-a-las-y-los-jovenes-a-ser-extraordinarios-en-su-proyecto-de-vida1.jpg","amp_enabled":true,"_links":{"self":[{"href":"https:\/\/rnoticias.com.mx\/Portal\/wp-json\/wp\/v2\/posts\/219004","targetHints":{"allow":["GET"]}}],"collection":[{"href":"https:\/\/rnoticias.com.mx\/Portal\/wp-json\/wp\/v2\/posts"}],"about":[{"href":"https:\/\/rnoticias.com.mx\/Portal\/wp-json\/wp\/v2\/types\/post"}],"author":[{"embeddable":true,"href":"https:\/\/rnoticias.com.mx\/Portal\/wp-json\/wp\/v2\/users\/2"}],"replies":[{"embeddable":true,"href":"https:\/\/rnoticias.com.mx\/Portal\/wp-json\/wp\/v2\/comments?post=219004"}],"version-history":[{"count":1,"href":"https:\/\/rnoticias.com.mx\/Portal\/wp-json\/wp\/v2\/posts\/219004\/revisions"}],"predecessor-version":[{"id":219006,"href":"https:\/\/rnoticias.com.mx\/Portal\/wp-json\/wp\/v2\/posts\/219004\/revisions\/219006"}],"wp:featuredmedia":[{"embeddable":true,"href":"https:\/\/rnoticias.com.mx\/Portal\/wp-json\/wp\/v2\/media\/219005"}],"wp:attachment":[{"href":"https:\/\/rnoticias.com.mx\/Portal\/wp-json\/wp\/v2\/media?parent=219004"}],"wp:term":[{"taxonomy":"category","embeddable":true,"href":"https:\/\/rnoticias.com.mx\/Portal\/wp-json\/wp\/v2\/categories?post=219004"},{"taxonomy":"post_tag","embeddable":true,"href":"https:\/\/rnoticias.com.mx\/Portal\/wp-json\/wp\/v2\/tags?post=219004"}],"curies":[{"name":"wp","href":"https:\/\/api.w.org\/{rel}","templated":true}]}}