{"id":218998,"date":"2025-05-20T17:24:43","date_gmt":"2025-05-21T00:24:43","guid":{"rendered":"https:\/\/rnoticias.com.mx\/Portal\/?p=218998"},"modified":"2025-05-20T17:24:43","modified_gmt":"2025-05-21T00:24:43","slug":"inauguran-tono-astiazaran-y-patty-ruibal-la-ruta-del-arte-con-homenaje-a-memo-moreno","status":"publish","type":"post","link":"https:\/\/rnoticias.com.mx\/Portal\/2025\/05\/20\/inauguran-tono-astiazaran-y-patty-ruibal-la-ruta-del-arte-con-homenaje-a-memo-moreno\/","title":{"rendered":"Inauguran To\u00f1o Astiazar\u00e1n y Patty Ruibal la Ruta del Arte con homenaje a Memo Moreno"},"content":{"rendered":"<p><b data-olk-copy-source=\"MessageBody\">Hermosillo, Sonora; 20 de mayo, 2025.-<\/b>\u00a0Con un homenaje cargado de gratitud y admiraci\u00f3n por los 70 a\u00f1os de trayectoria de Guillermo \u201cMemo\u201d Moreno, el presidente municipal Antonio Astiazar\u00e1n acompa\u00f1ado de su esposa Patricia Ruibal Zaragoza, presidenta de DIF Hermosillo, inauguraron la Ruta del Arte como parte de las Fiestas del Pitic 2025.<\/p>\n<p aria-hidden=\"true\">\n<p>Junto a Marianna Gonz\u00e1lez Gast\u00e9lum, directora del Instituto Municipal de Cultura y Arte (IMCA), rindieron tributo a Memo Moreno cuya exposici\u00f3n re\u00fane m\u00e1s de 30 im\u00e1genes montadas en el Colegio de Sonora con fotograf\u00edas que invitan a contemplar la esencia del paisaje sonorense a trav\u00e9s de una mirada que ha sabido capturar el alma de nuestra tierra.<\/p>\n<p aria-hidden=\"true\">\n<p>\u201cM\u00e1s que referirme al artista que por supuesto es lo que nos convoca el d\u00eda de hoy yo quiero sobre todo destacar las cualidades humanas de Don Memo Moreno, tengo el gusto de conocerlo hace muchos a\u00f1os a \u00e9l y a su familia y es una persona que adem\u00e1s de tener un gran talento art\u00edstico es una persona que tiene grandes valores como persona\u201d, agreg\u00f3.<\/p>\n<p aria-hidden=\"true\">\n<p>Durante una emotiva ceremonia Memo Moreno comparti\u00f3 las memorias m\u00e1s entra\u00f1ables de su andar fotogr\u00e1fico, evocando c\u00f3mo la magia de la imagen ha sido testigo y compa\u00f1era de su vida, desde los d\u00edas de laboratorio y qu\u00edmicos, hasta la era digital que transform\u00f3 el arte de capturar la luz.<\/p>\n<p aria-hidden=\"true\">\n<p>\u201cEn la vida he pasado desde los principios, en mi caso ten\u00edamos que preparar los qu\u00edmicos de acuerdo con el resultado final que busc\u00e1bamos, cada rollo era diferente. Despu\u00e9s llegaron los qu\u00edmicos envasados enlatados en sobre y en latas y despu\u00e9s lleg\u00f3 la digitalizaci\u00f3n que hizo fot\u00f3grafos a todo mundo\u201d, expres\u00f3.<\/p>\n<p aria-hidden=\"true\">\n<p>La colecci\u00f3n cuidadosamente seleccionada por sus nietas revela por primera vez piezas in\u00e9ditas que recorren la riqueza visual de Sonora, desde el Cr\u00e1ter El Pinacate y las dunas de San Nicol\u00e1s, hasta una majestuosa vista del pico de Bacoachi desde la Valdeza.<\/p>\n<p aria-hidden=\"true\">\n<p>Guillermo Moreno inici\u00f3 en la fotograf\u00eda el 25 de mayo de 1955, desde entonces ha perfeccionado su t\u00e9cnica mediante el estudio y la pr\u00e1ctica compartiendo su conocimiento con quienes buscan mejorar su mirada fotogr\u00e1fica formando generaciones de fot\u00f3grafos.<\/p>\n<p>&nbsp;<\/p>\n<p>En 1974 captur\u00f3 la ic\u00f3nica imagen del Danzante Yaqui del Venado que se convirti\u00f3 en un s\u00edmbolo representativo de Sonora, esta fotograf\u00eda fue utilizada en la embajada, consulados y campa\u00f1as de promoci\u00f3n tur\u00edstica, adem\u00e1s de ser obsequiada al Papa Juan Pablo II y formar parte de las reliquias del Vaticano.<\/p>\n<p aria-hidden=\"true\">\n<p aria-hidden=\"true\">\n<p>Asistieron tambi\u00e9n Jos\u00e9 Luis Moreno V\u00e1zquez, rector del Colegio de Sonora que abri\u00f3 las puertas para esta exposici\u00f3n; Ana Lidia R\u00edos, esposa de Guillermo Moreno; Victoria Moreno Cruz, nieta del homenajeado y \u00d3scar Joel Mayoral, jefe del Departamento de Difusi\u00f3n Cultural del Colegio de Sonora.<\/p>\n<p aria-hidden=\"true\">\n","protected":false},"excerpt":{"rendered":"<p>Hermosillo, Sonora; 20 de mayo, 2025.-\u00a0Con un homenaje cargado de gratitud y admiraci\u00f3n por los 70 a\u00f1os de trayectoria de Guillermo \u201cMemo\u201d Moreno, el presidente municipal Antonio Astiazar\u00e1n acompa\u00f1ado de su esposa Patricia Ruibal Zaragoza, presidenta de DIF Hermosillo, inauguraron la Ruta del Arte como parte de las Fiestas del Pitic 2025. Junto a Marianna [&hellip;]<\/p>\n","protected":false},"author":2,"featured_media":218999,"comment_status":"closed","ping_status":"closed","sticky":false,"template":"","format":"standard","meta":{"footnotes":""},"categories":[12870,178],"tags":[12865,12869],"class_list":["post-218998","post","type-post","status-publish","format-standard","has-post-thumbnail","hentry","category-destacadas","category-local","tag-destacadas","tag-local"],"jetpack_featured_media_url":"https:\/\/rnoticias.com.mx\/Portal\/wp-content\/uploads\/2025\/05\/Inauguran-Tono-Astiazaran-y-Patty-Ruibal-la-Ruta-del-Arte-con-homenaje-a-Memo-Moreno4-scaled.jpg","amp_enabled":true,"_links":{"self":[{"href":"https:\/\/rnoticias.com.mx\/Portal\/wp-json\/wp\/v2\/posts\/218998","targetHints":{"allow":["GET"]}}],"collection":[{"href":"https:\/\/rnoticias.com.mx\/Portal\/wp-json\/wp\/v2\/posts"}],"about":[{"href":"https:\/\/rnoticias.com.mx\/Portal\/wp-json\/wp\/v2\/types\/post"}],"author":[{"embeddable":true,"href":"https:\/\/rnoticias.com.mx\/Portal\/wp-json\/wp\/v2\/users\/2"}],"replies":[{"embeddable":true,"href":"https:\/\/rnoticias.com.mx\/Portal\/wp-json\/wp\/v2\/comments?post=218998"}],"version-history":[{"count":1,"href":"https:\/\/rnoticias.com.mx\/Portal\/wp-json\/wp\/v2\/posts\/218998\/revisions"}],"predecessor-version":[{"id":219000,"href":"https:\/\/rnoticias.com.mx\/Portal\/wp-json\/wp\/v2\/posts\/218998\/revisions\/219000"}],"wp:featuredmedia":[{"embeddable":true,"href":"https:\/\/rnoticias.com.mx\/Portal\/wp-json\/wp\/v2\/media\/218999"}],"wp:attachment":[{"href":"https:\/\/rnoticias.com.mx\/Portal\/wp-json\/wp\/v2\/media?parent=218998"}],"wp:term":[{"taxonomy":"category","embeddable":true,"href":"https:\/\/rnoticias.com.mx\/Portal\/wp-json\/wp\/v2\/categories?post=218998"},{"taxonomy":"post_tag","embeddable":true,"href":"https:\/\/rnoticias.com.mx\/Portal\/wp-json\/wp\/v2\/tags?post=218998"}],"curies":[{"name":"wp","href":"https:\/\/api.w.org\/{rel}","templated":true}]}}