{"id":218983,"date":"2025-05-20T12:42:18","date_gmt":"2025-05-20T19:42:18","guid":{"rendered":"https:\/\/rnoticias.com.mx\/Portal\/?p=218983"},"modified":"2025-05-20T12:42:18","modified_gmt":"2025-05-20T19:42:18","slug":"alegres-del-barranco-rompen-el-silencio-se-deslindan-de-imagenes-en-concierto","status":"publish","type":"post","link":"https:\/\/rnoticias.com.mx\/Portal\/2025\/05\/20\/alegres-del-barranco-rompen-el-silencio-se-deslindan-de-imagenes-en-concierto\/","title":{"rendered":"Alegres del Barranco rompen el silencio; se deslindan de im\u00e1genes en concierto"},"content":{"rendered":"<p>Tras el esc\u00e1ndalo por su show en Zapopan, el pasado 29 de marzo, donde se proyectaron im\u00e1genes de &#8220;El Mencho&#8221;, mientras tocaban ,<mark><strong>\u00a0Los Alegres del Barranco rompieron el silencio en charla con Luis Chaparro para su canal en YouTube &#8220;Pie de Nota&#8221;.<\/strong><\/mark><\/p>\n<p><strong>Desde su casa, en Jalisco, los fundadores Pavel, Armando, Carlos y Crist\u00f3bal hablaron por primera vez del d\u00eda que les cambi\u00f3 la vida.<\/strong><\/p>\n<p>&#8220;Era un concierto muy especial para nosotros. M\u00e1s de diez mil personas, un recinto de ese tama\u00f1o&#8230;<strong>\u00a0<\/strong><mark><strong>nunca hab\u00edamos tocado en un lugar as\u00ed en M\u00e9xico&#8221;<\/strong><\/mark><strong>,<\/strong>\u00a0recuerda Pavel.<\/p>\n<p>En la entrevista, los sinaloenses tambi\u00e9n negaron haber autorizado las im\u00e1genes.\u00a0<strong>&#8220;En el ensayo dijimos que estaban fuertes, pero ya en el show fue tarde&#8221;,\u00a0<\/strong>dijo Pavel.<\/p>\n<p><mark><strong>Tambi\u00e9n negaron v\u00ednculos con el crimen organizado<\/strong><\/mark>: &#8220;No fue homenaje para nadie. Tambi\u00e9n pusieron im\u00e1genes de la Gilbertona&#8221;, ironiz\u00f3.<\/p>\n<p>Aseguraron no estar al tanto del hallazgo del Rancho Izaguirre,\u00a0<strong>se\u00f1alado como centro de reclutamiento del crimen.<\/strong><\/p>\n<p><strong>&#8220;Si nos hubieran dicho que no cant\u00e1ramos corridos, no los habr\u00edamos cantado&#8221;<\/strong>, afirmaron.<\/p>\n<p>As\u00ed, la banda, sin visas y en pleno proceso penal por apolog\u00eda de la violencia,\u00a0<mark><strong>se deslinda del tema.<\/strong><\/mark><\/p>\n","protected":false},"excerpt":{"rendered":"<p>Tras el esc\u00e1ndalo por su show en Zapopan, el pasado 29 de marzo, donde se proyectaron im\u00e1genes de &#8220;El Mencho&#8221;, mientras tocaban ,\u00a0Los Alegres del Barranco rompieron el silencio en charla con Luis Chaparro para su canal en YouTube &#8220;Pie de Nota&#8221;. Desde su casa, en Jalisco, los fundadores Pavel, Armando, Carlos y Crist\u00f3bal hablaron [&hellip;]<\/p>\n","protected":false},"author":2,"featured_media":218984,"comment_status":"closed","ping_status":"closed","sticky":false,"template":"","format":"standard","meta":{"footnotes":""},"categories":[12870,219],"tags":[12865,12875],"class_list":["post-218983","post","type-post","status-publish","format-standard","has-post-thumbnail","hentry","category-destacadas","category-espectaculos","tag-destacadas","tag-espectaculos"],"jetpack_featured_media_url":"https:\/\/rnoticias.com.mx\/Portal\/wp-content\/uploads\/2025\/05\/alegres-del-barranco.webp","amp_enabled":true,"_links":{"self":[{"href":"https:\/\/rnoticias.com.mx\/Portal\/wp-json\/wp\/v2\/posts\/218983","targetHints":{"allow":["GET"]}}],"collection":[{"href":"https:\/\/rnoticias.com.mx\/Portal\/wp-json\/wp\/v2\/posts"}],"about":[{"href":"https:\/\/rnoticias.com.mx\/Portal\/wp-json\/wp\/v2\/types\/post"}],"author":[{"embeddable":true,"href":"https:\/\/rnoticias.com.mx\/Portal\/wp-json\/wp\/v2\/users\/2"}],"replies":[{"embeddable":true,"href":"https:\/\/rnoticias.com.mx\/Portal\/wp-json\/wp\/v2\/comments?post=218983"}],"version-history":[{"count":1,"href":"https:\/\/rnoticias.com.mx\/Portal\/wp-json\/wp\/v2\/posts\/218983\/revisions"}],"predecessor-version":[{"id":218985,"href":"https:\/\/rnoticias.com.mx\/Portal\/wp-json\/wp\/v2\/posts\/218983\/revisions\/218985"}],"wp:featuredmedia":[{"embeddable":true,"href":"https:\/\/rnoticias.com.mx\/Portal\/wp-json\/wp\/v2\/media\/218984"}],"wp:attachment":[{"href":"https:\/\/rnoticias.com.mx\/Portal\/wp-json\/wp\/v2\/media?parent=218983"}],"wp:term":[{"taxonomy":"category","embeddable":true,"href":"https:\/\/rnoticias.com.mx\/Portal\/wp-json\/wp\/v2\/categories?post=218983"},{"taxonomy":"post_tag","embeddable":true,"href":"https:\/\/rnoticias.com.mx\/Portal\/wp-json\/wp\/v2\/tags?post=218983"}],"curies":[{"name":"wp","href":"https:\/\/api.w.org\/{rel}","templated":true}]}}