{"id":218936,"date":"2025-05-19T21:31:07","date_gmt":"2025-05-20T04:31:07","guid":{"rendered":"https:\/\/rnoticias.com.mx\/Portal\/?p=218936"},"modified":"2025-05-19T21:31:07","modified_gmt":"2025-05-20T04:31:07","slug":"medias-blancas-honran-al-papa-leon-xiv","status":"publish","type":"post","link":"https:\/\/rnoticias.com.mx\/Portal\/2025\/05\/19\/medias-blancas-honran-al-papa-leon-xiv\/","title":{"rendered":"Medias Blancas honran al papa Le\u00f3n XIV"},"content":{"rendered":"<p>Hay un nuevo referente en la casa de los\u00a0<strong>Medias Blancas de Chicago<\/strong>: la Secci\u00f3n 140, Fila 19, asiento 2.<\/p>\n<p>Ah\u00ed es donde se sent\u00f3 el Padre Bob, antes de convertirse en el<strong>\u00a0papa Le\u00f3n XIV<\/strong>, en el primer juego de la Serie Mundial de 2005.<\/p>\n<p>El lunes, los Medias Blancas desvelaron una instalaci\u00f3n gr\u00e1fica que rinde homenaje al nuevo pont\u00edfice y a ese momento. La obra de arte en el pilar presenta a un papa Le\u00f3n XIV saludando, junto con una imagen de la transmisi\u00f3n televisiva del futuro papa sentado con su buen amigo Ed Schmit y su nieto, Eddie.<\/p>\n<div id=\"eldia-341651704\" class=\"eldia-contenido eldia-target\" data-eldia-trackid=\"1573641\" data-eldia-trackbid=\"1\"><\/div>\n<p>El equipo tambi\u00e9n planea hacer algo para conmemorar el asiento en el Rate Field que el papa ocup\u00f3 durante el inicio de la Serie Mundial de 2005.<\/p>\n<p><strong><em>\u201cCuando la gente venga al estadio, es una parte interesante de nuestra historia y van a querer verla. As\u00ed que vamos a poder poner algo en ese asiento\u201d<\/em><\/strong>, expres\u00f3 Brooks Boyer, director ejecutivo y de marketing de los Medias Blancas.<\/p>\n<p>Robert Prevost se convirti\u00f3 en el primer papa de Estados Unidos en la historia de la Iglesia Cat\u00f3lica cuando fue elegido el ocho de mayo. El misionero nacido en Chicago, que tom\u00f3 el nombre de Le\u00f3n XIV, es fan\u00e1tico de los Medias Blancas, seg\u00fan confirmaron sus amigos y familiares.<\/p>\n<div class=\"stream-item stream-item-in-post stream-item-inline-post aligncenter\">\n<div class=\"stream-item-size\"><\/div>\n<\/div>\n<p>Prevost asisti\u00f3 al primer juego de la Serie Mundial con Schmit, quien sol\u00eda poseer abonos de temporada antes de fallecer en el 2020. que falleci\u00f3 en 2020. Ese d\u00eda los Medias Blancas vencieron 5-3 vencieron a los Astros de Houston antes de ganar la Serie Mundial por barrida.<\/p>\n<p>Eddie Schmit, de 25 a\u00f1os, quien trabaja en el negocio de guarder\u00edas de la familia, describi\u00f3 al futuro papa como un gran tipo y de buen coraz\u00f3n.<\/p>\n<p><strong><em>\u201cMucho de esto es sobre los Medias Blancas. Deber\u00eda ser m\u00e1s sobre qu\u00e9 tipo de persona es el papa\u201d<\/em><\/strong>, dijo Schmit<strong><em>. \u201cMiras algunas de las cosas que ha hecho con sus misiones, quiero decir, es incre\u00edble. Ha estado en lugares tan pobres, solo tratando de ayudar a otras personas\u201d.<\/em><\/strong><\/p>\n<p>Prevost y Schmit se conocieron a trav\u00e9s de su trabajo en una escuela secundaria cat\u00f3lica en Chicago, y el hijo de Schmit, Nick, sigue siendo el titular de la cuenta del asiento que ocup\u00f3 el papa.<\/p>\n<p>Heidi Skokal, hhija de Ed Schmit, dijo que su padre sol\u00eda decirle al Padre Bob que iba a ser el pr\u00f3ximo papa.<\/p>\n<p><strong><em>\u201cJusto cuando mi pap\u00e1 estaba falleciendo, el Padre Bob se asegur\u00f3, no pod\u00eda estar all\u00ed, pero se asegur\u00f3 de hablar con \u00e9l y todo. Y \u00e9l dijo: \u2018Padre Bob, Padre Bob, s\u00e9 que vas a ser el pr\u00f3ximo papa. Puede que no est\u00e9 aqu\u00ed para verlo\u2019. Y \u00e9l respondi\u00f3: \u2018Pero definitivamente estar\u00e9 mirando desde arriba\u2019. Y estoy segura de que lo est\u00e1 hoy\u201d<\/em><\/strong>, coment\u00f3 Heidi Skokal.<\/p>\n<p>Los Medias Blancas y sus fan\u00e1ticos han abrazado su conexi\u00f3n con el nuevo papa desde que fue elegido. El equipo dijo que envi\u00f3 una camiseta y un sombrero al Vaticano despu\u00e9s del anuncio.<\/p>\n<p>&nbsp;<\/p>\n<p>AP<\/p>\n","protected":false},"excerpt":{"rendered":"<p>Hay un nuevo referente en la casa de los\u00a0Medias Blancas de Chicago: la Secci\u00f3n 140, Fila 19, asiento 2. Ah\u00ed es donde se sent\u00f3 el Padre Bob, antes de convertirse en el\u00a0papa Le\u00f3n XIV, en el primer juego de la Serie Mundial de 2005. El lunes, los Medias Blancas desvelaron una instalaci\u00f3n gr\u00e1fica que rinde [&hellip;]<\/p>\n","protected":false},"author":2,"featured_media":218937,"comment_status":"closed","ping_status":"closed","sticky":false,"template":"","format":"standard","meta":{"footnotes":""},"categories":[188,12870],"tags":[5231,12865],"class_list":["post-218936","post","type-post","status-publish","format-standard","has-post-thumbnail","hentry","category-deportes","category-destacadas","tag-deportes","tag-destacadas"],"jetpack_featured_media_url":"https:\/\/rnoticias.com.mx\/Portal\/wp-content\/uploads\/2025\/05\/descarga-3.jpg","amp_enabled":true,"_links":{"self":[{"href":"https:\/\/rnoticias.com.mx\/Portal\/wp-json\/wp\/v2\/posts\/218936","targetHints":{"allow":["GET"]}}],"collection":[{"href":"https:\/\/rnoticias.com.mx\/Portal\/wp-json\/wp\/v2\/posts"}],"about":[{"href":"https:\/\/rnoticias.com.mx\/Portal\/wp-json\/wp\/v2\/types\/post"}],"author":[{"embeddable":true,"href":"https:\/\/rnoticias.com.mx\/Portal\/wp-json\/wp\/v2\/users\/2"}],"replies":[{"embeddable":true,"href":"https:\/\/rnoticias.com.mx\/Portal\/wp-json\/wp\/v2\/comments?post=218936"}],"version-history":[{"count":1,"href":"https:\/\/rnoticias.com.mx\/Portal\/wp-json\/wp\/v2\/posts\/218936\/revisions"}],"predecessor-version":[{"id":218938,"href":"https:\/\/rnoticias.com.mx\/Portal\/wp-json\/wp\/v2\/posts\/218936\/revisions\/218938"}],"wp:featuredmedia":[{"embeddable":true,"href":"https:\/\/rnoticias.com.mx\/Portal\/wp-json\/wp\/v2\/media\/218937"}],"wp:attachment":[{"href":"https:\/\/rnoticias.com.mx\/Portal\/wp-json\/wp\/v2\/media?parent=218936"}],"wp:term":[{"taxonomy":"category","embeddable":true,"href":"https:\/\/rnoticias.com.mx\/Portal\/wp-json\/wp\/v2\/categories?post=218936"},{"taxonomy":"post_tag","embeddable":true,"href":"https:\/\/rnoticias.com.mx\/Portal\/wp-json\/wp\/v2\/tags?post=218936"}],"curies":[{"name":"wp","href":"https:\/\/api.w.org\/{rel}","templated":true}]}}