{"id":218933,"date":"2025-05-19T21:29:40","date_gmt":"2025-05-20T04:29:40","guid":{"rendered":"https:\/\/rnoticias.com.mx\/Portal\/?p=218933"},"modified":"2025-05-19T21:29:40","modified_gmt":"2025-05-20T04:29:40","slug":"julio-urias-no-jugara-con-mexico-el-clasico-mundial-de-beisbol","status":"publish","type":"post","link":"https:\/\/rnoticias.com.mx\/Portal\/2025\/05\/19\/julio-urias-no-jugara-con-mexico-el-clasico-mundial-de-beisbol\/","title":{"rendered":"Julio Ur\u00edas no jugar\u00e1 con M\u00e9xico el Cl\u00e1sico Mundial de Beisbol"},"content":{"rendered":"<p>El lanzador mexicano Julio Ur\u00edas no ser\u00e1 parte de la Selecci\u00f3n Mexicana en el pr\u00f3ximo Cl\u00e1sico Mundial de Beisbol, as\u00ed lo confirm\u00f3\u00a0<strong>Horacio De la Vega.<\/strong><\/p>\n<p>El presidente de la Liga Mexicana de Beisbol (LMB) encabez\u00f3 la presentaci\u00f3n de la dupla integrada por Benjamin Gil y Rodrigo L\u00f3pez al mando del seleccionado tricolor. Siguiendo con la t\u00f3nica negativa respecto a un regreso del serpentinero al beisbol nacional, el dirigente de la pelota veraniega cerr\u00f3 de tajo las puertas para Ur\u00edas.<\/p>\n<p><strong><em>\u201cNo vamos a tomar ninguna determinaci\u00f3n al respecto m\u00e1s que no pueda jugar justamente en la Liga Mexicana de Beisbol\u201d,\u00a0<\/em><\/strong>apunt\u00f3 De La Vega.\u00a0<strong><em>\u201cEs un s\u00edmil lo que est\u00e1 ocurriendo con la Selecci\u00f3n Nacional de nuestro pa\u00eds\u201d<\/em><\/strong>, a\u00f1adi\u00f3.<\/p>\n<div id=\"eldia-3208282911\" class=\"eldia-contenido eldia-target\" data-eldia-trackid=\"1573641\" data-eldia-trackbid=\"1\"><\/div>\n<p>Major League Baseball (MLB) retirar\u00e1 la suspensi\u00f3n del mexicano tras el Juego de Estrellas en julio de este a\u00f1o. Sin embargo, De la Vega dijo en declaraciones anteriores que en LMB no se regir\u00e1n bajo este castigo y se alinear\u00e1n sobre las normativas jur\u00eddicas de los Estados Unidos en donde Ur\u00edas cumple 36 meses de libertad condicional por violencia dom\u00e9stica.<\/p>\n<p><em><strong>\u201cDesafortunadamente para \u00e9l (Ur\u00edas) en este sentido y de alguna forma no cumpliendo con las caracter\u00edsticas de las sanciones que ha tenido y propiamente los delitos tipificados que la autoridad competente en Estados Unidos, ha demarcado, posterior a un proceso de estos 36 meses que no cumplen justamente a darse hasta la parte del Cl\u00e1sico Mundial\u201d,<\/strong><\/em>\u00a0concluy\u00f3.<\/p>\n<p>&nbsp;<\/p>\n<p>El Universal<\/p>\n","protected":false},"excerpt":{"rendered":"<p>El lanzador mexicano Julio Ur\u00edas no ser\u00e1 parte de la Selecci\u00f3n Mexicana en el pr\u00f3ximo Cl\u00e1sico Mundial de Beisbol, as\u00ed lo confirm\u00f3\u00a0Horacio De la Vega. El presidente de la Liga Mexicana de Beisbol (LMB) encabez\u00f3 la presentaci\u00f3n de la dupla integrada por Benjamin Gil y Rodrigo L\u00f3pez al mando del seleccionado tricolor. Siguiendo con la [&hellip;]<\/p>\n","protected":false},"author":2,"featured_media":218934,"comment_status":"closed","ping_status":"closed","sticky":false,"template":"","format":"standard","meta":{"footnotes":""},"categories":[188,12870],"tags":[5231,12865],"class_list":["post-218933","post","type-post","status-publish","format-standard","has-post-thumbnail","hentry","category-deportes","category-destacadas","tag-deportes","tag-destacadas"],"jetpack_featured_media_url":"https:\/\/rnoticias.com.mx\/Portal\/wp-content\/uploads\/2025\/05\/682bc2ec0c0b1eb4b70f9013.jpg","amp_enabled":true,"_links":{"self":[{"href":"https:\/\/rnoticias.com.mx\/Portal\/wp-json\/wp\/v2\/posts\/218933","targetHints":{"allow":["GET"]}}],"collection":[{"href":"https:\/\/rnoticias.com.mx\/Portal\/wp-json\/wp\/v2\/posts"}],"about":[{"href":"https:\/\/rnoticias.com.mx\/Portal\/wp-json\/wp\/v2\/types\/post"}],"author":[{"embeddable":true,"href":"https:\/\/rnoticias.com.mx\/Portal\/wp-json\/wp\/v2\/users\/2"}],"replies":[{"embeddable":true,"href":"https:\/\/rnoticias.com.mx\/Portal\/wp-json\/wp\/v2\/comments?post=218933"}],"version-history":[{"count":1,"href":"https:\/\/rnoticias.com.mx\/Portal\/wp-json\/wp\/v2\/posts\/218933\/revisions"}],"predecessor-version":[{"id":218935,"href":"https:\/\/rnoticias.com.mx\/Portal\/wp-json\/wp\/v2\/posts\/218933\/revisions\/218935"}],"wp:featuredmedia":[{"embeddable":true,"href":"https:\/\/rnoticias.com.mx\/Portal\/wp-json\/wp\/v2\/media\/218934"}],"wp:attachment":[{"href":"https:\/\/rnoticias.com.mx\/Portal\/wp-json\/wp\/v2\/media?parent=218933"}],"wp:term":[{"taxonomy":"category","embeddable":true,"href":"https:\/\/rnoticias.com.mx\/Portal\/wp-json\/wp\/v2\/categories?post=218933"},{"taxonomy":"post_tag","embeddable":true,"href":"https:\/\/rnoticias.com.mx\/Portal\/wp-json\/wp\/v2\/tags?post=218933"}],"curies":[{"name":"wp","href":"https:\/\/api.w.org\/{rel}","templated":true}]}}