{"id":218921,"date":"2025-05-19T21:22:48","date_gmt":"2025-05-20T04:22:48","guid":{"rendered":"https:\/\/rnoticias.com.mx\/Portal\/?p=218921"},"modified":"2025-05-19T21:22:48","modified_gmt":"2025-05-20T04:22:48","slug":"publica-isaf-6ta-convocatoria-de-participacion-ciudadana","status":"publish","type":"post","link":"https:\/\/rnoticias.com.mx\/Portal\/2025\/05\/19\/publica-isaf-6ta-convocatoria-de-participacion-ciudadana\/","title":{"rendered":"Publica ISAF 6ta. Convocatoria de Participaci\u00f3n ciudadana"},"content":{"rendered":"<p>Hermosillo, Sonora a 19 de mayo de 2025.- El Instituto Superior de Auditor\u00eda y Fiscalizaci\u00f3n (ISAF), public\u00f3 la 6ta. Convocatoria de Participaci\u00f3n Ciudadana en la Fiscalizaci\u00f3n 2025 con el objetivo de invitar a la poblaci\u00f3n a participar con propuestas en temas que se consideren de inter\u00e9s p\u00fablico y de trascendencia para el \u00e1mbito estatal y municipal, a fin de fortalecer las revisiones de las cuentas p\u00fablicas estatal y municipales del ejercicio fiscal 2025.<\/p>\n<p>La Dra. Beatriz Elena Huerta Urquijo, Auditora Mayor del organismo fiscalizador,<br \/>\nal dar a conocer los lineamientos de participaci\u00f3n, consider\u00f3 que la colaboraci\u00f3n de los ciudadanos, instituciones p\u00fablicas, c\u00e1maras empresariales, sindicatos y organizaciones de la sociedad civil, enriquecen la integraci\u00f3n del Programa Anual de Auditor\u00edas (PAA).<\/p>\n<p>\u201cNo olvidemos que la participaci\u00f3n de todos los sectores de la poblaci\u00f3n es un pilar fundamental, ya que su contribuci\u00f3n se refleja en proponer temas que se consideran de inter\u00e9s p\u00fablico y de trascendencia para el \u00e1mbito estatal y municipal, y que por ende ser\u00e1n incorporados al Programa Anual de Auditor\u00edas 2025-2026 (PAA 25-26)\u201d, sostuvo.<\/p>\n<p>Explic\u00f3 que al cerrar la convocatoria el pr\u00f3ximo 29 de agosto de 2025, se evaluar\u00e1n todas las propuestas recibidas a trav\u00e9s de la revisi\u00f3n que efectuar\u00e1 el Comit\u00e9 de Planeaci\u00f3n Estrat\u00e9gica y Participativa de Auditor\u00edas del ISAF. Una vez que sean analizadas, se determinar\u00e1 cu\u00e1les cumplen con los requisitos que establecen las pol\u00edticas de esta convocatoria para pasar a formar parte del PAA 25-26.<\/p>\n<p>Huerta Urquijo precis\u00f3 que la convocatoria est\u00e1 abierta a partir del 15 de mayo hasta el 29 de agosto del presente a\u00f1o, estim\u00e1ndose que el 10 de septiembre se llevar\u00e1 a cabo la reuni\u00f3n del comit\u00e9, con el prop\u00f3sito de verificar las tem\u00e1ticas de las propuestas y realizar la selecci\u00f3n correspondiente.<\/p>\n<p>Mencion\u00f3 que los resultados se emitir\u00e1n el 12 de septiembre mediante el sitio web oficial del Instituto y la notificaci\u00f3n individual al participante, concluyendo con la publicaci\u00f3n del Programa Anual de Auditor\u00edas 2025-2026 el d\u00eda 30 de dicho mes.<\/p>\n<p>La Auditora Mayor tambi\u00e9n inform\u00f3 que, en el Programa Anual de Auditor\u00edas 2024-2025 (PAA 24-25) que actualmente est\u00e1 en ejecuci\u00f3n, aparecen las propuestas aceptadas de la 5ta. Convocatoria de Participaci\u00f3n Ciudadana en la Fiscalizaci\u00f3n 2024, donde los principales temas fueron: presupuestaci\u00f3n, transparencia, servicios y obras p\u00fablicas.<\/p>\n<p>Es en la p\u00e1gina web institucional donde est\u00e1 disponible el Manual de Orientaci\u00f3n Ciudadana, documento que describe, de manera general, el quehacer del ISAF y que muestra el proceso para la participaci\u00f3n ciudadana en la fiscalizaci\u00f3n, as\u00ed como una serie de datos informativos.<\/p>\n<p>En caso de cualquier duda y\/o aclaraci\u00f3n referente al mecanismo de participaci\u00f3n ciudadana del Instituto, puede enviarse un correo a: participacionciudadana@isaf.gob.mx, o bien, contactarse v\u00eda telef\u00f3nica al (662) 236 6504, extensi\u00f3n 188.<\/p>\n","protected":false},"excerpt":{"rendered":"<p>Hermosillo, Sonora a 19 de mayo de 2025.- El Instituto Superior de Auditor\u00eda y Fiscalizaci\u00f3n (ISAF), public\u00f3 la 6ta. Convocatoria de Participaci\u00f3n Ciudadana en la Fiscalizaci\u00f3n 2025 con el objetivo de invitar a la poblaci\u00f3n a participar con propuestas en temas que se consideren de inter\u00e9s p\u00fablico y de trascendencia para el \u00e1mbito estatal y [&hellip;]<\/p>\n","protected":false},"author":2,"featured_media":218922,"comment_status":"closed","ping_status":"closed","sticky":false,"template":"","format":"standard","meta":{"footnotes":""},"categories":[12870,178],"tags":[12865,12869],"class_list":["post-218921","post","type-post","status-publish","format-standard","has-post-thumbnail","hentry","category-destacadas","category-local","tag-destacadas","tag-local"],"jetpack_featured_media_url":"https:\/\/rnoticias.com.mx\/Portal\/wp-content\/uploads\/2025\/05\/43cc750b-8602-4a75-9b5c-cd3f951dde6d.jpg","amp_enabled":true,"_links":{"self":[{"href":"https:\/\/rnoticias.com.mx\/Portal\/wp-json\/wp\/v2\/posts\/218921","targetHints":{"allow":["GET"]}}],"collection":[{"href":"https:\/\/rnoticias.com.mx\/Portal\/wp-json\/wp\/v2\/posts"}],"about":[{"href":"https:\/\/rnoticias.com.mx\/Portal\/wp-json\/wp\/v2\/types\/post"}],"author":[{"embeddable":true,"href":"https:\/\/rnoticias.com.mx\/Portal\/wp-json\/wp\/v2\/users\/2"}],"replies":[{"embeddable":true,"href":"https:\/\/rnoticias.com.mx\/Portal\/wp-json\/wp\/v2\/comments?post=218921"}],"version-history":[{"count":1,"href":"https:\/\/rnoticias.com.mx\/Portal\/wp-json\/wp\/v2\/posts\/218921\/revisions"}],"predecessor-version":[{"id":218923,"href":"https:\/\/rnoticias.com.mx\/Portal\/wp-json\/wp\/v2\/posts\/218921\/revisions\/218923"}],"wp:featuredmedia":[{"embeddable":true,"href":"https:\/\/rnoticias.com.mx\/Portal\/wp-json\/wp\/v2\/media\/218922"}],"wp:attachment":[{"href":"https:\/\/rnoticias.com.mx\/Portal\/wp-json\/wp\/v2\/media?parent=218921"}],"wp:term":[{"taxonomy":"category","embeddable":true,"href":"https:\/\/rnoticias.com.mx\/Portal\/wp-json\/wp\/v2\/categories?post=218921"},{"taxonomy":"post_tag","embeddable":true,"href":"https:\/\/rnoticias.com.mx\/Portal\/wp-json\/wp\/v2\/tags?post=218921"}],"curies":[{"name":"wp","href":"https:\/\/api.w.org\/{rel}","templated":true}]}}