{"id":218918,"date":"2025-05-19T20:47:23","date_gmt":"2025-05-20T03:47:23","guid":{"rendered":"https:\/\/rnoticias.com.mx\/Portal\/?p=218918"},"modified":"2025-05-19T20:47:23","modified_gmt":"2025-05-20T03:47:23","slug":"sentencia-de-45-anos-y-10-meses-para-homicida","status":"publish","type":"post","link":"https:\/\/rnoticias.com.mx\/Portal\/2025\/05\/19\/sentencia-de-45-anos-y-10-meses-para-homicida\/","title":{"rendered":"Sentencia de 45 a\u00f1os y 10 meses para homicida"},"content":{"rendered":"<p>Hermosillo, Sonora, 19 de mayo de 2025.- Tras presentar una s\u00f3lida investigaci\u00f3n, integrada con testimoniales y pruebas cient\u00edficas, la Fiscal\u00eda General de Justicia del Estado de Sonora (FGJES) obtuvo una sentencia condenatoria en contra de Sergio \u201cN\u201d, de 23 a\u00f1os, se\u00f1alado como responsable de los delitos de homicidio calificado con ventaja y homicidio calificado con ventaja en grado de tentativa en concurso real de delitos.<\/p>\n<p>Los hechos se registraron entre las 11:00 y 12:00 horas del 21 de julio del a\u00f1o 2020, en la colonia Carmen Serd\u00e1n, en Hermosillo.<\/p>\n<p>En dichas circunstancias de lugar y tiempo, Sergio \u201cN\u201d dispar\u00f3 con un arma de fuego en contra de Andy \u201cN\u201d, caus\u00e1ndole heridas que resultaron fatales; posteriormente, intent\u00f3 privar de la vida a Jos\u00e9 \u201cN\u201d, quien sufri\u00f3 lesiones graves; sin embargo, logr\u00f3 huir y recibir atenci\u00f3n m\u00e9dica oportuna.<\/p>\n<p>Tras las investigaciones y el proceso legar correspondiente, se logr\u00f3 dar inicio al proceso penal, que termin\u00f3 en una resoluci\u00f3n favorable para la teor\u00eda del caso planteada por el Ministerio P\u00fablico.<\/p>\n<p>El Juez impuso una pena global de 45 a\u00f1os y 10 meses de prisi\u00f3n al imputado, tras considerar la gravedad de los hechos y las circunstancias del delito.<\/p>\n<p>Este resultado refrenda el compromiso de la FGJES con la justicia, la protecci\u00f3n de la vida e integridad f\u00edsica de las personas, as\u00ed como con la persecuci\u00f3n de actos violentos que atentan contra la sociedad sonorense.<\/p>\n","protected":false},"excerpt":{"rendered":"<p>Hermosillo, Sonora, 19 de mayo de 2025.- Tras presentar una s\u00f3lida investigaci\u00f3n, integrada con testimoniales y pruebas cient\u00edficas, la Fiscal\u00eda General de Justicia del Estado de Sonora (FGJES) obtuvo una sentencia condenatoria en contra de Sergio \u201cN\u201d, de 23 a\u00f1os, se\u00f1alado como responsable de los delitos de homicidio calificado con ventaja y homicidio calificado con [&hellip;]<\/p>\n","protected":false},"author":2,"featured_media":218919,"comment_status":"closed","ping_status":"closed","sticky":false,"template":"","format":"standard","meta":{"footnotes":""},"categories":[12870,178],"tags":[12865,12869],"class_list":["post-218918","post","type-post","status-publish","format-standard","has-post-thumbnail","hentry","category-destacadas","category-local","tag-destacadas","tag-local"],"jetpack_featured_media_url":"https:\/\/rnoticias.com.mx\/Portal\/wp-content\/uploads\/2025\/05\/2bee5955-b80e-4f55-b56f-500cad8661e2.jpg","amp_enabled":true,"_links":{"self":[{"href":"https:\/\/rnoticias.com.mx\/Portal\/wp-json\/wp\/v2\/posts\/218918","targetHints":{"allow":["GET"]}}],"collection":[{"href":"https:\/\/rnoticias.com.mx\/Portal\/wp-json\/wp\/v2\/posts"}],"about":[{"href":"https:\/\/rnoticias.com.mx\/Portal\/wp-json\/wp\/v2\/types\/post"}],"author":[{"embeddable":true,"href":"https:\/\/rnoticias.com.mx\/Portal\/wp-json\/wp\/v2\/users\/2"}],"replies":[{"embeddable":true,"href":"https:\/\/rnoticias.com.mx\/Portal\/wp-json\/wp\/v2\/comments?post=218918"}],"version-history":[{"count":1,"href":"https:\/\/rnoticias.com.mx\/Portal\/wp-json\/wp\/v2\/posts\/218918\/revisions"}],"predecessor-version":[{"id":218920,"href":"https:\/\/rnoticias.com.mx\/Portal\/wp-json\/wp\/v2\/posts\/218918\/revisions\/218920"}],"wp:featuredmedia":[{"embeddable":true,"href":"https:\/\/rnoticias.com.mx\/Portal\/wp-json\/wp\/v2\/media\/218919"}],"wp:attachment":[{"href":"https:\/\/rnoticias.com.mx\/Portal\/wp-json\/wp\/v2\/media?parent=218918"}],"wp:term":[{"taxonomy":"category","embeddable":true,"href":"https:\/\/rnoticias.com.mx\/Portal\/wp-json\/wp\/v2\/categories?post=218918"},{"taxonomy":"post_tag","embeddable":true,"href":"https:\/\/rnoticias.com.mx\/Portal\/wp-json\/wp\/v2\/tags?post=218918"}],"curies":[{"name":"wp","href":"https:\/\/api.w.org\/{rel}","templated":true}]}}