{"id":218915,"date":"2025-05-19T20:46:37","date_gmt":"2025-05-20T03:46:37","guid":{"rendered":"https:\/\/rnoticias.com.mx\/Portal\/?p=218915"},"modified":"2025-05-19T20:46:37","modified_gmt":"2025-05-20T03:46:37","slug":"vinculan-a-proceso-a-eliseo-n-por-violacion-en-cajeme","status":"publish","type":"post","link":"https:\/\/rnoticias.com.mx\/Portal\/2025\/05\/19\/vinculan-a-proceso-a-eliseo-n-por-violacion-en-cajeme\/","title":{"rendered":"Vinculan a proceso a Eliseo \u201cN\u201d por violaci\u00f3n en Cajeme"},"content":{"rendered":"<p>Cajeme, Sonora, 19 de mayo de 2025.- Por su probable responsabilidad en el delito de violaci\u00f3n agravada, cometido en perjuicio de una menor de 17 a\u00f1os, de identidad reservada, la Fiscal\u00eda General de Justicia del Estado de Sonora (FGJES) obtuvo auto de vinculaci\u00f3n a proceso en contra de Eliseo \u201cN\u201d, de 40 a\u00f1os, en Ciudad Obreg\u00f3n, Sonora.<\/p>\n<p>De acuerdo con los datos de prueba, el hecho ocurri\u00f3 el pasado 24 de marzo, entre las 11:30 y 13:00 horas, en un terreno enmontado ubicado tras la Carretera Internacional M\u00e9xico 15, cruzando las v\u00edas del tren, en Cajeme.<\/p>\n<p>El imputado, se aprovech\u00f3 de la relaci\u00f3n de confianza que ten\u00eda con la v\u00edctima para cometer el delito.<\/p>\n<p>Elementos de la Agencia Ministerial de Investigaci\u00f3n Criminal (AMIC) capturaron al sujeto con base a una orden de aprehensi\u00f3n y al ser presentado ante el Juez se resolvi\u00f3 vincular a proceso al imputado, imponi\u00e9ndole la medida cautelar de prisi\u00f3n preventiva justificada.<\/p>\n<p>La Fiscal\u00eda General de Justicia del Estado de Sonora (FGJES) reafirma su compromiso con la atenci\u00f3n prioritaria y especializada a v\u00edctimas menores de edad, y con la persecuci\u00f3n efectiva de delitos sexuales, garantizando el acceso a la justicia con perspectiva de g\u00e9nero y enfoque diferencial.<\/p>\n","protected":false},"excerpt":{"rendered":"<p>Cajeme, Sonora, 19 de mayo de 2025.- Por su probable responsabilidad en el delito de violaci\u00f3n agravada, cometido en perjuicio de una menor de 17 a\u00f1os, de identidad reservada, la Fiscal\u00eda General de Justicia del Estado de Sonora (FGJES) obtuvo auto de vinculaci\u00f3n a proceso en contra de Eliseo \u201cN\u201d, de 40 a\u00f1os, en Ciudad [&hellip;]<\/p>\n","protected":false},"author":2,"featured_media":218916,"comment_status":"closed","ping_status":"closed","sticky":false,"template":"","format":"standard","meta":{"footnotes":""},"categories":[12870,174],"tags":[12865,12873],"class_list":["post-218915","post","type-post","status-publish","format-standard","has-post-thumbnail","hentry","category-destacadas","category-estatal","tag-destacadas","tag-estatal"],"jetpack_featured_media_url":"https:\/\/rnoticias.com.mx\/Portal\/wp-content\/uploads\/2025\/05\/d4822b16-b617-4bd0-b65c-c91ea61ee929.jpg","amp_enabled":true,"_links":{"self":[{"href":"https:\/\/rnoticias.com.mx\/Portal\/wp-json\/wp\/v2\/posts\/218915","targetHints":{"allow":["GET"]}}],"collection":[{"href":"https:\/\/rnoticias.com.mx\/Portal\/wp-json\/wp\/v2\/posts"}],"about":[{"href":"https:\/\/rnoticias.com.mx\/Portal\/wp-json\/wp\/v2\/types\/post"}],"author":[{"embeddable":true,"href":"https:\/\/rnoticias.com.mx\/Portal\/wp-json\/wp\/v2\/users\/2"}],"replies":[{"embeddable":true,"href":"https:\/\/rnoticias.com.mx\/Portal\/wp-json\/wp\/v2\/comments?post=218915"}],"version-history":[{"count":1,"href":"https:\/\/rnoticias.com.mx\/Portal\/wp-json\/wp\/v2\/posts\/218915\/revisions"}],"predecessor-version":[{"id":218917,"href":"https:\/\/rnoticias.com.mx\/Portal\/wp-json\/wp\/v2\/posts\/218915\/revisions\/218917"}],"wp:featuredmedia":[{"embeddable":true,"href":"https:\/\/rnoticias.com.mx\/Portal\/wp-json\/wp\/v2\/media\/218916"}],"wp:attachment":[{"href":"https:\/\/rnoticias.com.mx\/Portal\/wp-json\/wp\/v2\/media?parent=218915"}],"wp:term":[{"taxonomy":"category","embeddable":true,"href":"https:\/\/rnoticias.com.mx\/Portal\/wp-json\/wp\/v2\/categories?post=218915"},{"taxonomy":"post_tag","embeddable":true,"href":"https:\/\/rnoticias.com.mx\/Portal\/wp-json\/wp\/v2\/tags?post=218915"}],"curies":[{"name":"wp","href":"https:\/\/api.w.org\/{rel}","templated":true}]}}