{"id":218912,"date":"2025-05-19T20:45:37","date_gmt":"2025-05-20T03:45:37","guid":{"rendered":"https:\/\/rnoticias.com.mx\/Portal\/?p=218912"},"modified":"2025-05-19T20:45:37","modified_gmt":"2025-05-20T03:45:37","slug":"gobierno-del-sonora-lleva-al-cine-a-mas-de-5-mil-estudiantes-isj","status":"publish","type":"post","link":"https:\/\/rnoticias.com.mx\/Portal\/2025\/05\/19\/gobierno-del-sonora-lleva-al-cine-a-mas-de-5-mil-estudiantes-isj\/","title":{"rendered":"Gobierno del Sonora lleva al cine a m\u00e1s de 5 mil estudiantes: ISJ"},"content":{"rendered":"<p align=\"left\">Hermosillo, Sonora; 19 de mayo de 2025.- El Gobierno del Estado de Sonora, a trav\u00e9s del Instituto Sonorense de la Juventud (ISJ), llev\u00f3 a m\u00e1s de 5 mil ni\u00f1as, ni\u00f1os y j\u00f3venes al cine como parte del programa Vamos al Cine.<\/p>\n<p align=\"left\">\n<p align=\"left\">Rebeca Valenzuela \u00c1lvarez, directora general del ISJ, explic\u00f3 que esta iniciativa se realiza gracias a un convenio de colaboraci\u00f3n con la cadena Cin\u00e9polis, el cual permite que estudiantes de distintos niveles educativos disfruten gratuitamente de una funci\u00f3n de cine.<\/p>\n<p align=\"left\">\n<p align=\"left\">Adem\u00e1s de la pel\u00edcula, los asistentes ven un video informativo sobre salud mental y reciben palomitas y refresco sin costo alguno. La actividad se llev\u00f3 a cabo de manera simult\u00e1nea en salas de cine de Hermosillo, Nogales, Magdalena, San Luis R\u00edo Colorado, Puerto Pe\u00f1asco, Navojoa y Caborca, beneficiando a estudiantes de primaria, secundaria y preparatoria.<\/p>\n<p align=\"left\">\n<p align=\"left\">\u201cEs muy emocionante ver la cara de todos. Muchos de ellos vienen por primera vez al cine, y eso es muy satisfactorio\u201d, expres\u00f3 Valenzuela \u00c1lvarez.<\/p>\n<p align=\"left\">\n<p align=\"left\">Entre las instituciones participantes, destac\u00f3 la presencia del Internado Coronel J. Cruz G\u00e1lvez, de Hermosillo.<\/p>\n<p align=\"left\">\n<p align=\"left\">Para m\u00e1s informaci\u00f3n sobre el programa o para solicitar participar en futuras ediciones, el ISJ pone a disposici\u00f3n el n\u00famero de WhatsApp 662 444 7742.<\/p>\n","protected":false},"excerpt":{"rendered":"<p>Hermosillo, Sonora; 19 de mayo de 2025.- El Gobierno del Estado de Sonora, a trav\u00e9s del Instituto Sonorense de la Juventud (ISJ), llev\u00f3 a m\u00e1s de 5 mil ni\u00f1as, ni\u00f1os y j\u00f3venes al cine como parte del programa Vamos al Cine. Rebeca Valenzuela \u00c1lvarez, directora general del ISJ, explic\u00f3 que esta iniciativa se realiza gracias [&hellip;]<\/p>\n","protected":false},"author":2,"featured_media":218913,"comment_status":"closed","ping_status":"closed","sticky":false,"template":"","format":"standard","meta":{"footnotes":""},"categories":[12870,178],"tags":[12865,12869],"class_list":["post-218912","post","type-post","status-publish","format-standard","has-post-thumbnail","hentry","category-destacadas","category-local","tag-destacadas","tag-local"],"jetpack_featured_media_url":"https:\/\/rnoticias.com.mx\/Portal\/wp-content\/uploads\/2025\/05\/unnamed-1-32.jpg","amp_enabled":true,"_links":{"self":[{"href":"https:\/\/rnoticias.com.mx\/Portal\/wp-json\/wp\/v2\/posts\/218912","targetHints":{"allow":["GET"]}}],"collection":[{"href":"https:\/\/rnoticias.com.mx\/Portal\/wp-json\/wp\/v2\/posts"}],"about":[{"href":"https:\/\/rnoticias.com.mx\/Portal\/wp-json\/wp\/v2\/types\/post"}],"author":[{"embeddable":true,"href":"https:\/\/rnoticias.com.mx\/Portal\/wp-json\/wp\/v2\/users\/2"}],"replies":[{"embeddable":true,"href":"https:\/\/rnoticias.com.mx\/Portal\/wp-json\/wp\/v2\/comments?post=218912"}],"version-history":[{"count":1,"href":"https:\/\/rnoticias.com.mx\/Portal\/wp-json\/wp\/v2\/posts\/218912\/revisions"}],"predecessor-version":[{"id":218914,"href":"https:\/\/rnoticias.com.mx\/Portal\/wp-json\/wp\/v2\/posts\/218912\/revisions\/218914"}],"wp:featuredmedia":[{"embeddable":true,"href":"https:\/\/rnoticias.com.mx\/Portal\/wp-json\/wp\/v2\/media\/218913"}],"wp:attachment":[{"href":"https:\/\/rnoticias.com.mx\/Portal\/wp-json\/wp\/v2\/media?parent=218912"}],"wp:term":[{"taxonomy":"category","embeddable":true,"href":"https:\/\/rnoticias.com.mx\/Portal\/wp-json\/wp\/v2\/categories?post=218912"},{"taxonomy":"post_tag","embeddable":true,"href":"https:\/\/rnoticias.com.mx\/Portal\/wp-json\/wp\/v2\/tags?post=218912"}],"curies":[{"name":"wp","href":"https:\/\/api.w.org\/{rel}","templated":true}]}}