{"id":218909,"date":"2025-05-19T20:44:46","date_gmt":"2025-05-20T03:44:46","guid":{"rendered":"https:\/\/rnoticias.com.mx\/Portal\/?p=218909"},"modified":"2025-05-19T20:44:46","modified_gmt":"2025-05-20T03:44:46","slug":"gobierno-de-sonora-promueve-agricultura-sustentable-en-encuentro-del-instituto-latinoamericano-de-cereales","status":"publish","type":"post","link":"https:\/\/rnoticias.com.mx\/Portal\/2025\/05\/19\/gobierno-de-sonora-promueve-agricultura-sustentable-en-encuentro-del-instituto-latinoamericano-de-cereales\/","title":{"rendered":"Gobierno de Sonora promueve agricultura sustentable en encuentro del Instituto Latinoamericano de Cereales"},"content":{"rendered":"<p align=\"justify\">Ciudad de M\u00e9xico; 19 de mayo de 2025.- En representaci\u00f3n del Gobierno de Sonora, la secretaria de Agricultura, Ganader\u00eda, Recursos Hidr\u00e1ulicos, Pesca y Acuacultura (Sagarhpa), Celida L\u00f3pez C\u00e1rdenas, particip\u00f3 en el evento Conversaciones para un Futuro Alimentario Sostenible, organizado por el Instituto Latinoamericano de Cereales (ILCereales) en la Ciudad de M\u00e9xico.<\/p>\n<p align=\"justify\">Durante el encuentro, que reuni\u00f3 a especialistas, investigadores y l\u00edderes del sector agroalimentario del pa\u00eds, se abordaron temas clave para avanzar hacia sistemas de producci\u00f3n m\u00e1s sustentables y socialmente responsables.<\/p>\n<p align=\"justify\">En su intervenci\u00f3n, la titular de Sagarhpa destac\u00f3 la importancia de fortalecer la sustentabilidad en las pol\u00edticas p\u00fablicas dirigidas al campo, especialmente en regiones con alta vocaci\u00f3n agr\u00edcola como Sonora.<\/p>\n<p align=\"justify\">\u201cFue un honor compartir ideas con expertos del sector como Jos\u00e9 Antonio Monroy Carrillo, director general de La Moderna; Charlotte Oudin, presidenta del ILCereales; Jos\u00e9 Cacho Ribeiro, CEO de Grupo MINSA; y Felipe de Jes\u00fas Pe\u00f1a, presidente de Caminolt. Escuchamos propuestas valiosas y reafirmamos nuestro compromiso con un modelo productivo que cuide la tierra, el agua y a quienes la trabajan\u201d, expres\u00f3.<\/p>\n<p align=\"justify\">La funcionaria agradeci\u00f3 la invitaci\u00f3n del Instituto Latinoamericano de Cereales y reconoci\u00f3 su labor como plataforma de di\u00e1logo t\u00e9cnico y cient\u00edfico que impulsa nuevas formas de producir alimentos con responsabilidad ambiental y social.<\/p>\n<p align=\"justify\">Asimismo, comparti\u00f3 algunas de las acciones que el Gobierno de Sonora, bajo el liderazgo del gobernador Alfonso Durazo Monta\u00f1o, ha emprendido para impulsar una agricultura m\u00e1s eficiente, resiliente y justa, entre ellas la implementaci\u00f3n de tecnolog\u00edas de riego, el acompa\u00f1amiento t\u00e9cnico a peque\u00f1os productores y el rescate de tierras con enfoque agroecol\u00f3gico.<\/p>\n<p align=\"justify\">\u201cDesde Sonora seguiremos transformando el campo con sustentabilidad, conscientes de que el futuro alimentario del pa\u00eds se construye desde lo local, con visi\u00f3n global\u201d, concluy\u00f3.<\/p>\n","protected":false},"excerpt":{"rendered":"<p>Ciudad de M\u00e9xico; 19 de mayo de 2025.- En representaci\u00f3n del Gobierno de Sonora, la secretaria de Agricultura, Ganader\u00eda, Recursos Hidr\u00e1ulicos, Pesca y Acuacultura (Sagarhpa), Celida L\u00f3pez C\u00e1rdenas, particip\u00f3 en el evento Conversaciones para un Futuro Alimentario Sostenible, organizado por el Instituto Latinoamericano de Cereales (ILCereales) en la Ciudad de M\u00e9xico. Durante el encuentro, que [&hellip;]<\/p>\n","protected":false},"author":2,"featured_media":218910,"comment_status":"closed","ping_status":"closed","sticky":false,"template":"","format":"standard","meta":{"footnotes":""},"categories":[12870,178],"tags":[12865,12869],"class_list":["post-218909","post","type-post","status-publish","format-standard","has-post-thumbnail","hentry","category-destacadas","category-local","tag-destacadas","tag-local"],"jetpack_featured_media_url":"https:\/\/rnoticias.com.mx\/Portal\/wp-content\/uploads\/2025\/05\/unnamed-87.jpg","amp_enabled":true,"_links":{"self":[{"href":"https:\/\/rnoticias.com.mx\/Portal\/wp-json\/wp\/v2\/posts\/218909","targetHints":{"allow":["GET"]}}],"collection":[{"href":"https:\/\/rnoticias.com.mx\/Portal\/wp-json\/wp\/v2\/posts"}],"about":[{"href":"https:\/\/rnoticias.com.mx\/Portal\/wp-json\/wp\/v2\/types\/post"}],"author":[{"embeddable":true,"href":"https:\/\/rnoticias.com.mx\/Portal\/wp-json\/wp\/v2\/users\/2"}],"replies":[{"embeddable":true,"href":"https:\/\/rnoticias.com.mx\/Portal\/wp-json\/wp\/v2\/comments?post=218909"}],"version-history":[{"count":1,"href":"https:\/\/rnoticias.com.mx\/Portal\/wp-json\/wp\/v2\/posts\/218909\/revisions"}],"predecessor-version":[{"id":218911,"href":"https:\/\/rnoticias.com.mx\/Portal\/wp-json\/wp\/v2\/posts\/218909\/revisions\/218911"}],"wp:featuredmedia":[{"embeddable":true,"href":"https:\/\/rnoticias.com.mx\/Portal\/wp-json\/wp\/v2\/media\/218910"}],"wp:attachment":[{"href":"https:\/\/rnoticias.com.mx\/Portal\/wp-json\/wp\/v2\/media?parent=218909"}],"wp:term":[{"taxonomy":"category","embeddable":true,"href":"https:\/\/rnoticias.com.mx\/Portal\/wp-json\/wp\/v2\/categories?post=218909"},{"taxonomy":"post_tag","embeddable":true,"href":"https:\/\/rnoticias.com.mx\/Portal\/wp-json\/wp\/v2\/tags?post=218909"}],"curies":[{"name":"wp","href":"https:\/\/api.w.org\/{rel}","templated":true}]}}