{"id":218833,"date":"2025-05-19T13:00:18","date_gmt":"2025-05-19T20:00:18","guid":{"rendered":"https:\/\/rnoticias.com.mx\/Portal\/?p=218833"},"modified":"2025-05-18T21:35:06","modified_gmt":"2025-05-19T04:35:06","slug":"concurso-mexico-canta","status":"publish","type":"post","link":"https:\/\/rnoticias.com.mx\/Portal\/2025\/05\/19\/concurso-mexico-canta\/","title":{"rendered":"Concurso M\u00e9xico Canta"},"content":{"rendered":"<blockquote><p>Es una iniciativa del Gobierno de M\u00e9xico, a trav\u00e9s de la Secretar\u00eda de Cultura, en colaboraci\u00f3n con el Consejo Mexicano de la M\u00fasica.<\/p><\/blockquote>\n<p>El concurso surge con el objetivo de crear nuevas narrativas musicales que se alejen de la apolog\u00eda de la violencia, mediante letras que evoquen el amor, el desamor y la grandeza de M\u00e9xico. Adem\u00e1s de fortalecer y preservar los g\u00e9neros musicales tradicionales mexicanos \u2014como el mariachi, norte\u00f1o, banda, corrido, tropical, duranguense, bolero, entre otros\u2014, es el primer concurso binacional de m\u00fasica dirigido a personas int\u00e9rpretes y compositoras mexicanas y mexicoestadounidenses, de entre 18 y 34 a\u00f1os.<\/p>\n<p>Las y los participantes deben enviar una grabaci\u00f3n en audio o video de 3 minutos m\u00e1ximo en un dispositivo m\u00f3vil.<\/p>\n<p>Pueden participar int\u00e9rpretes con una canci\u00f3n, aunque no sea de su autor\u00eda y compositores y cantautores con una canci\u00f3n que cumpla con las bases de esta convocatoria.<\/p>\n<p>Se permite participar en lenguas originarias, espa\u00f1ol y espanglish.<\/p>\n<p>Este concurso busca apoyar nuevos talentos y generar oportunidades creativas para que las y los j\u00f3venes puedan acceder al \u00e1mbito profesional de la industria musical.<\/p>\n<p>Las inscripciones est\u00e1n abiertas del 28 de abril al 30 de mayo de 2025.<\/p>\n<p>\u00a1Forma parte de la nueva generaci\u00f3n de m\u00fasica mexicana e inscr\u00edbete!<\/p>\n<p>https:\/\/www.mexicocanta.gob.mx\/<\/p>\n","protected":false},"excerpt":{"rendered":"<p>Es una iniciativa del Gobierno de M\u00e9xico, a trav\u00e9s de la Secretar\u00eda de Cultura, en colaboraci\u00f3n con el Consejo Mexicano de la M\u00fasica. El concurso surge con el objetivo de crear nuevas narrativas musicales que se alejen de la apolog\u00eda de la violencia, mediante letras que evoquen el amor, el desamor y la grandeza de [&hellip;]<\/p>\n","protected":false},"author":2,"featured_media":218834,"comment_status":"closed","ping_status":"closed","sticky":false,"template":"","format":"standard","meta":{"footnotes":""},"categories":[12870,172],"tags":[12865,12874],"class_list":["post-218833","post","type-post","status-publish","format-standard","has-post-thumbnail","hentry","category-destacadas","category-nacional","tag-destacadas","tag-nacional"],"jetpack_featured_media_url":"https:\/\/rnoticias.com.mx\/Portal\/wp-content\/uploads\/2025\/05\/Concurso-Mexico-Canta.jpg","amp_enabled":true,"_links":{"self":[{"href":"https:\/\/rnoticias.com.mx\/Portal\/wp-json\/wp\/v2\/posts\/218833","targetHints":{"allow":["GET"]}}],"collection":[{"href":"https:\/\/rnoticias.com.mx\/Portal\/wp-json\/wp\/v2\/posts"}],"about":[{"href":"https:\/\/rnoticias.com.mx\/Portal\/wp-json\/wp\/v2\/types\/post"}],"author":[{"embeddable":true,"href":"https:\/\/rnoticias.com.mx\/Portal\/wp-json\/wp\/v2\/users\/2"}],"replies":[{"embeddable":true,"href":"https:\/\/rnoticias.com.mx\/Portal\/wp-json\/wp\/v2\/comments?post=218833"}],"version-history":[{"count":1,"href":"https:\/\/rnoticias.com.mx\/Portal\/wp-json\/wp\/v2\/posts\/218833\/revisions"}],"predecessor-version":[{"id":218835,"href":"https:\/\/rnoticias.com.mx\/Portal\/wp-json\/wp\/v2\/posts\/218833\/revisions\/218835"}],"wp:featuredmedia":[{"embeddable":true,"href":"https:\/\/rnoticias.com.mx\/Portal\/wp-json\/wp\/v2\/media\/218834"}],"wp:attachment":[{"href":"https:\/\/rnoticias.com.mx\/Portal\/wp-json\/wp\/v2\/media?parent=218833"}],"wp:term":[{"taxonomy":"category","embeddable":true,"href":"https:\/\/rnoticias.com.mx\/Portal\/wp-json\/wp\/v2\/categories?post=218833"},{"taxonomy":"post_tag","embeddable":true,"href":"https:\/\/rnoticias.com.mx\/Portal\/wp-json\/wp\/v2\/tags?post=218833"}],"curies":[{"name":"wp","href":"https:\/\/api.w.org\/{rel}","templated":true}]}}