{"id":218830,"date":"2025-05-19T10:00:45","date_gmt":"2025-05-19T17:00:45","guid":{"rendered":"https:\/\/rnoticias.com.mx\/Portal\/?p=218830"},"modified":"2025-05-18T21:48:39","modified_gmt":"2025-05-19T04:48:39","slug":"el-pan-rechaza-la-censura-del-regimen-y-expresa-su-solidaridad-con-hector-de-mauleon-y-el-universal","status":"publish","type":"post","link":"https:\/\/rnoticias.com.mx\/Portal\/2025\/05\/19\/el-pan-rechaza-la-censura-del-regimen-y-expresa-su-solidaridad-con-hector-de-mauleon-y-el-universal\/","title":{"rendered":"El PAN rechaza la censura del r\u00e9gimen y expresa su solidaridad con H\u00e9ctor de Maule\u00f3n y el universal"},"content":{"rendered":"<p>El Partido Acci\u00f3n Nacional condena en\u00e9rgicamente los intentos de censura cometidos por el Instituto Electoral de Tamaulipas, controlado por Am\u00e9rico Villareal y el gobierno de Tamaulipas, en contra del periodista H\u00e9ctor de Maule\u00f3n y del diario El Universal, en un acto que representa una grave amenaza a la libertad de expresi\u00f3n y al ejercicio period\u00edstico en M\u00e9xico.<\/p>\n<p>Resulta inaceptable que un gobierno estatal o una autoridad electoral pretenda silenciar una columna de opini\u00f3n por abordar los presuntos v\u00ednculos entre personajes de Morena y el robo de combustible en Pemex \u2014 tema de inter\u00e9s p\u00fablico nacional\u2014, utilizando recursos legales como instrumento de intimidaci\u00f3n y censura. M\u00e1s preocupante a\u00fan es que, seg\u00fan reportes, el domicilio del periodista fue obtenido a trav\u00e9s de un convenio con el INE, lo cual representa una violaci\u00f3n flagrante a la privacidad y seguridad de los comunicadores.<\/p>\n<p>Desde Acci\u00f3n Nacional manifestamos nuestra total solidaridad con el periodista H\u00e9ctor de Maule\u00f3n, uno de los columnistas m\u00e1s respetados y valientes del pa\u00eds, y con el peri\u00f3dico El Universal, baluarte del periodismo independiente en M\u00e9xico.<\/p>\n<p>Exigimos al Instituto Nacional Electoral y al Instituto Electoral de Tamaulipas una explicaci\u00f3n inmediata y p\u00fablica sobre el uso de datos personales de ciudadanos, as\u00ed como una investigaci\u00f3n para deslindar responsabilidades.<\/p>\n<p>Asimismo, hacemos un llamado a todos los organismos aut\u00f3nomos a no prestarse a las presiones de gobiernos autoritarios que buscan callar las voces cr\u00edticas.<\/p>\n<p>En Acci\u00f3n Nacional defenderemos siempre la libertad de expresi\u00f3n como pilar de nuestra democracia. La censura no tiene cabida en un pa\u00eds libre.<\/p>\n","protected":false},"excerpt":{"rendered":"<p>El Partido Acci\u00f3n Nacional condena en\u00e9rgicamente los intentos de censura cometidos por el Instituto Electoral de Tamaulipas, controlado por Am\u00e9rico Villareal y el gobierno de Tamaulipas, en contra del periodista H\u00e9ctor de Maule\u00f3n y del diario El Universal, en un acto que representa una grave amenaza a la libertad de expresi\u00f3n y al ejercicio period\u00edstico [&hellip;]<\/p>\n","protected":false},"author":2,"featured_media":218831,"comment_status":"closed","ping_status":"closed","sticky":false,"template":"","format":"standard","meta":{"footnotes":""},"categories":[12870,12868],"tags":[12865,12879],"class_list":["post-218830","post","type-post","status-publish","format-standard","has-post-thumbnail","hentry","category-destacadas","category-politica","tag-destacadas","tag-politica"],"jetpack_featured_media_url":"https:\/\/rnoticias.com.mx\/Portal\/wp-content\/uploads\/2025\/05\/pan-cen.png","amp_enabled":true,"_links":{"self":[{"href":"https:\/\/rnoticias.com.mx\/Portal\/wp-json\/wp\/v2\/posts\/218830","targetHints":{"allow":["GET"]}}],"collection":[{"href":"https:\/\/rnoticias.com.mx\/Portal\/wp-json\/wp\/v2\/posts"}],"about":[{"href":"https:\/\/rnoticias.com.mx\/Portal\/wp-json\/wp\/v2\/types\/post"}],"author":[{"embeddable":true,"href":"https:\/\/rnoticias.com.mx\/Portal\/wp-json\/wp\/v2\/users\/2"}],"replies":[{"embeddable":true,"href":"https:\/\/rnoticias.com.mx\/Portal\/wp-json\/wp\/v2\/comments?post=218830"}],"version-history":[{"count":1,"href":"https:\/\/rnoticias.com.mx\/Portal\/wp-json\/wp\/v2\/posts\/218830\/revisions"}],"predecessor-version":[{"id":218832,"href":"https:\/\/rnoticias.com.mx\/Portal\/wp-json\/wp\/v2\/posts\/218830\/revisions\/218832"}],"wp:featuredmedia":[{"embeddable":true,"href":"https:\/\/rnoticias.com.mx\/Portal\/wp-json\/wp\/v2\/media\/218831"}],"wp:attachment":[{"href":"https:\/\/rnoticias.com.mx\/Portal\/wp-json\/wp\/v2\/media?parent=218830"}],"wp:term":[{"taxonomy":"category","embeddable":true,"href":"https:\/\/rnoticias.com.mx\/Portal\/wp-json\/wp\/v2\/categories?post=218830"},{"taxonomy":"post_tag","embeddable":true,"href":"https:\/\/rnoticias.com.mx\/Portal\/wp-json\/wp\/v2\/tags?post=218830"}],"curies":[{"name":"wp","href":"https:\/\/api.w.org\/{rel}","templated":true}]}}