{"id":218824,"date":"2025-05-18T21:24:04","date_gmt":"2025-05-19T04:24:04","guid":{"rendered":"https:\/\/rnoticias.com.mx\/Portal\/?p=218824"},"modified":"2025-05-18T21:24:04","modified_gmt":"2025-05-19T04:24:04","slug":"xv-congreso-nacional-y-v-internacional-de-tecnologia-aplicada-a-ciencias-de-la-salud","status":"publish","type":"post","link":"https:\/\/rnoticias.com.mx\/Portal\/2025\/05\/18\/xv-congreso-nacional-y-v-internacional-de-tecnologia-aplicada-a-ciencias-de-la-salud\/","title":{"rendered":"XV congreso nacional y v internacional de tecnolog\u00eda aplicada a ciencias de la salud"},"content":{"rendered":"<p>La tem\u00e1tica central del Congreso gira en torno a las t\u00e9cnicas de diagn\u00f3stico y tratamiento en diversas \u00e1reas de la salud, aunque prevalece un factor com\u00fan con trabajos de visi\u00f3n, c\u00e1ncer y rehabilitaci\u00f3n.<\/p>\n<p>El INAOE y el CIO \u2014Centros P\u00fablicos de la Secretar\u00eda de Ciencia, Humanidades, Tecnolog\u00eda e Innovaci\u00f3n (Secihiti)\u2014, en colaboraci\u00f3n con la UNAM, la UASL, la BUAP, la UPAEP y la Ibero Puebla; organizan el XV Congreso Nacional y V Internacional de Tecnolog\u00eda aplicada a Ciencias de la Salud, el cual se llevar\u00e1 a cabo en las instalaciones de la UASL.<\/p>\n<p>Para realizar el registro se deber\u00e1 ingresar a la liga: https:\/\/speckle.inaoep.mx\/~tecnologia_salud\/2025\/registro.html; y, en caso de requerir mayor informaci\u00f3n, contactar al correo: tepichin@inaoep.mx.<\/p>\n","protected":false},"excerpt":{"rendered":"<p>La tem\u00e1tica central del Congreso gira en torno a las t\u00e9cnicas de diagn\u00f3stico y tratamiento en diversas \u00e1reas de la salud, aunque prevalece un factor com\u00fan con trabajos de visi\u00f3n, c\u00e1ncer y rehabilitaci\u00f3n. El INAOE y el CIO \u2014Centros P\u00fablicos de la Secretar\u00eda de Ciencia, Humanidades, Tecnolog\u00eda e Innovaci\u00f3n (Secihiti)\u2014, en colaboraci\u00f3n con la UNAM, [&hellip;]<\/p>\n","protected":false},"author":2,"featured_media":218825,"comment_status":"closed","ping_status":"closed","sticky":false,"template":"","format":"standard","meta":{"footnotes":""},"categories":[12870,172],"tags":[12865,12874],"class_list":["post-218824","post","type-post","status-publish","format-standard","has-post-thumbnail","hentry","category-destacadas","category-nacional","tag-destacadas","tag-nacional"],"jetpack_featured_media_url":"https:\/\/rnoticias.com.mx\/Portal\/wp-content\/uploads\/2025\/05\/XV-CONGRESO-NACIONAL-Y-V-INTERNACIONAL-DE-TECNOLOGIA-APLICADA-A-CIENCIAS-DE-LA-SALUD.jpeg","amp_enabled":true,"_links":{"self":[{"href":"https:\/\/rnoticias.com.mx\/Portal\/wp-json\/wp\/v2\/posts\/218824","targetHints":{"allow":["GET"]}}],"collection":[{"href":"https:\/\/rnoticias.com.mx\/Portal\/wp-json\/wp\/v2\/posts"}],"about":[{"href":"https:\/\/rnoticias.com.mx\/Portal\/wp-json\/wp\/v2\/types\/post"}],"author":[{"embeddable":true,"href":"https:\/\/rnoticias.com.mx\/Portal\/wp-json\/wp\/v2\/users\/2"}],"replies":[{"embeddable":true,"href":"https:\/\/rnoticias.com.mx\/Portal\/wp-json\/wp\/v2\/comments?post=218824"}],"version-history":[{"count":1,"href":"https:\/\/rnoticias.com.mx\/Portal\/wp-json\/wp\/v2\/posts\/218824\/revisions"}],"predecessor-version":[{"id":218826,"href":"https:\/\/rnoticias.com.mx\/Portal\/wp-json\/wp\/v2\/posts\/218824\/revisions\/218826"}],"wp:featuredmedia":[{"embeddable":true,"href":"https:\/\/rnoticias.com.mx\/Portal\/wp-json\/wp\/v2\/media\/218825"}],"wp:attachment":[{"href":"https:\/\/rnoticias.com.mx\/Portal\/wp-json\/wp\/v2\/media?parent=218824"}],"wp:term":[{"taxonomy":"category","embeddable":true,"href":"https:\/\/rnoticias.com.mx\/Portal\/wp-json\/wp\/v2\/categories?post=218824"},{"taxonomy":"post_tag","embeddable":true,"href":"https:\/\/rnoticias.com.mx\/Portal\/wp-json\/wp\/v2\/tags?post=218824"}],"curies":[{"name":"wp","href":"https:\/\/api.w.org\/{rel}","templated":true}]}}