{"id":218769,"date":"2025-05-19T07:00:07","date_gmt":"2025-05-19T14:00:07","guid":{"rendered":"https:\/\/rnoticias.com.mx\/Portal\/?p=218769"},"modified":"2025-05-18T19:41:12","modified_gmt":"2025-05-19T02:41:12","slug":"mexico-dara-la-mejor-defensa-en-terminos-politicos-y-legales-contra-la-iniciativa-de-gravar-remesas-canciller-de-la-fuente","status":"publish","type":"post","link":"https:\/\/rnoticias.com.mx\/Portal\/2025\/05\/19\/mexico-dara-la-mejor-defensa-en-terminos-politicos-y-legales-contra-la-iniciativa-de-gravar-remesas-canciller-de-la-fuente\/","title":{"rendered":"M\u00e9xico dar\u00e1 la mejor defensa, en t\u00e9rminos pol\u00edticos y legales, contra la iniciativa de gravar remesas: canciller De la Fuente"},"content":{"rendered":"<p>El secretario de Relaciones Exteriores, Juan Ram\u00f3n de la Fuente, asegur\u00f3 que la iniciativa de la C\u00e1mara de Representantes de Estados Unidos de gravar con un impuesto adicional el env\u00edo\u00a0de remesas no tiene raz\u00f3n de ser y no estamos de acuerdo con ella.<\/p>\n<p>Vamos a dar la mejor defensa, en t\u00e9rminos pol\u00edticos y legales, porque no nos parece que esta medida, con fines recaudatorios de los Estados Unidos, afecte a una porci\u00f3n muy importante y sensible de nuestros connacionales, precis\u00f3.<\/p>\n<blockquote><p>El canciller precis\u00f3 que esta iniciativa va dirigida \u201cen primer lugar, a personas que ya pagaron impuestos, que son personas que contribuyen de manera muy importante a la econom\u00eda norteamericana, que el monto de las remesas apenas representa el 18% de todos los ingresos que generan nuestras y nuestros paisanos, que lo dem\u00e1s se queda en los Estados Unidos\u201d.<\/p><\/blockquote>\n<p>Durante su participaci\u00f3n en la conferencia La ma\u00f1anera del pueblo, De la Fuente detall\u00f3 el procedimiento legislativo que se lleva a cabo en la C\u00e1mara de Representantes de aquel pa\u00eds, a trav\u00e9s Comit\u00e9 de Medios y Procedimientos, encargado de aspectos impositivos, y destac\u00f3 la respuesta que se envi\u00f3\u00a0a los congresistas por instrucciones de la presidenta Claudia Sheinbaum, para hacer patente el rechazo a esta iniciativa.<\/p>\n<p>Destac\u00f3 que este Comit\u00e9 legislativo se reuni\u00f3 el 12 de mayo donde se present\u00f3 esta iniciativa recaudatoria y un d\u00eda despu\u00e9s se entreg\u00f3 a sus congresistas una carta firmada por el embajador de M\u00e9xico en Estados Unidos, Esteban Moctezuma y por el titular de la Unidad para Am\u00e9rica del Norte de la Canciller\u00eda, Roberto Velasco, en la que se esgrimieron los argumentos que la presidenta nos indic\u00f3, precis\u00f3.<\/p>\n<p>De la Fuente inform\u00f3 que de manera adicional a esta misiva, el embajador Moctezuma se ha estado reuniendo con diversos grupos de representantes legislativo para presentar la posici\u00f3n de M\u00e9xico y las razones del porqu\u00e9 no se est\u00e1 de acuerdo con la iniciativa.<\/p>\n<p>Inform\u00f3 tambi\u00e9n que ayer se hizo llegar, a trav\u00e9s de los conductos oficiales, los planteamientos enviados a trav\u00e9s de la secretaria de Gobernaci\u00f3n, de la Comisi\u00f3n Permanente del Congreso de la Uni\u00f3n, que se pronunci\u00f3 al respecto.<\/p>\n<p>Por su parte, el jefe de Unidad para Am\u00e9rica del Norte de la Secretar\u00eda de Relaciones Exteriores, Roberto Velasco, destac\u00f3 que si bien el gobierno es respetuoso de los procedimientos legislativos, la iniciativa que se analiza impacta varias esferas del derecho internacional que los dos pa\u00edses hemos convenido a trav\u00e9s del Convenio suscrito para evitar la doble imposici\u00f3n y evitar la evasi\u00f3n fiscal vigente desde 1994.<\/p>\n<p>Explic\u00f3 que esta iniciativa, adem\u00e1s de establecer una doble tributaci\u00f3n, va dirigida no solamente a las personas indocumentadas, sino a cualquier persona que no sea estadounidense, que est\u00e9 en los Estados Unidos y que haga uso de estos servicios.<\/p>\n<blockquote><p>\u201cEso es muy delicado porque quiere decir que incluso una persona que est\u00e1 en Estados Unidos con una visa de trabajo o con una green card \u2014como le llaman ellos, una tarjeta de residente permanente\u2014 ser\u00eda sujeta a este gravamen. Y naturalmente que, eso nos parece que es discriminatorio\u201d, precis\u00f3.<\/p><\/blockquote>\n<p>Velasco dej\u00f3 en claro que en M\u00e9xico no tenemos ning\u00fan impuesto que est\u00e9 dirigido espec\u00edficamente a las personas estadounidenses y, en este caso, pues s\u00ed habr\u00eda un impuesto que est\u00e1 diferenciando entre estadounidenses y personas mexicanas.<\/p>\n<blockquote><p>\u201cEn la carta que se envi\u00f3, uno de los puntos que se se\u00f1al\u00f3 fue esto: la discriminaci\u00f3n y la doble tributaci\u00f3n\u201d de la iniciativa, dijo.<\/p><\/blockquote>\n","protected":false},"excerpt":{"rendered":"<p>El secretario de Relaciones Exteriores, Juan Ram\u00f3n de la Fuente, asegur\u00f3 que la iniciativa de la C\u00e1mara de Representantes de Estados Unidos de gravar con un impuesto adicional el env\u00edo\u00a0de remesas no tiene raz\u00f3n de ser y no estamos de acuerdo con ella. Vamos a dar la mejor defensa, en t\u00e9rminos pol\u00edticos y legales, porque [&hellip;]<\/p>\n","protected":false},"author":2,"featured_media":218770,"comment_status":"closed","ping_status":"closed","sticky":false,"template":"","format":"standard","meta":{"footnotes":""},"categories":[12870,172],"tags":[12865,12874],"class_list":["post-218769","post","type-post","status-publish","format-standard","has-post-thumbnail","hentry","category-destacadas","category-nacional","tag-destacadas","tag-nacional"],"jetpack_featured_media_url":"https:\/\/rnoticias.com.mx\/Portal\/wp-content\/uploads\/2025\/05\/Mexico-dara-la-mejor-defensa-en-terminos-politicos-y-legales-contra-la-iniciativa-de-gravar-remesas.jpg","amp_enabled":true,"_links":{"self":[{"href":"https:\/\/rnoticias.com.mx\/Portal\/wp-json\/wp\/v2\/posts\/218769","targetHints":{"allow":["GET"]}}],"collection":[{"href":"https:\/\/rnoticias.com.mx\/Portal\/wp-json\/wp\/v2\/posts"}],"about":[{"href":"https:\/\/rnoticias.com.mx\/Portal\/wp-json\/wp\/v2\/types\/post"}],"author":[{"embeddable":true,"href":"https:\/\/rnoticias.com.mx\/Portal\/wp-json\/wp\/v2\/users\/2"}],"replies":[{"embeddable":true,"href":"https:\/\/rnoticias.com.mx\/Portal\/wp-json\/wp\/v2\/comments?post=218769"}],"version-history":[{"count":1,"href":"https:\/\/rnoticias.com.mx\/Portal\/wp-json\/wp\/v2\/posts\/218769\/revisions"}],"predecessor-version":[{"id":218771,"href":"https:\/\/rnoticias.com.mx\/Portal\/wp-json\/wp\/v2\/posts\/218769\/revisions\/218771"}],"wp:featuredmedia":[{"embeddable":true,"href":"https:\/\/rnoticias.com.mx\/Portal\/wp-json\/wp\/v2\/media\/218770"}],"wp:attachment":[{"href":"https:\/\/rnoticias.com.mx\/Portal\/wp-json\/wp\/v2\/media?parent=218769"}],"wp:term":[{"taxonomy":"category","embeddable":true,"href":"https:\/\/rnoticias.com.mx\/Portal\/wp-json\/wp\/v2\/categories?post=218769"},{"taxonomy":"post_tag","embeddable":true,"href":"https:\/\/rnoticias.com.mx\/Portal\/wp-json\/wp\/v2\/tags?post=218769"}],"curies":[{"name":"wp","href":"https:\/\/api.w.org\/{rel}","templated":true}]}}