{"id":218722,"date":"2025-05-18T12:00:02","date_gmt":"2025-05-18T19:00:02","guid":{"rendered":"https:\/\/rnoticias.com.mx\/Portal\/?p=218722"},"modified":"2025-05-18T12:00:02","modified_gmt":"2025-05-18T19:00:02","slug":"capacita-policia-municipal-en-prevencion-de-acoso-y-hostigamiento-sexual-laboral","status":"publish","type":"post","link":"https:\/\/rnoticias.com.mx\/Portal\/2025\/05\/18\/capacita-policia-municipal-en-prevencion-de-acoso-y-hostigamiento-sexual-laboral\/","title":{"rendered":"Capacita Polic\u00eda Municipal en prevenci\u00f3n de acoso y hostigamiento sexual laboral"},"content":{"rendered":"<div id=\":2rp\" class=\"ii gt\">\n<div id=\":3tu\" class=\"a3s aiL \">\n<div dir=\"auto\">\n<div dir=\"auto\"><b>Hermosillo, Sonora, 18 de mayo de 2025.-\u00a0<\/b>La Polic\u00eda Preventiva y Tr\u00e1nsito Municipal de Hermosillo, a trav\u00e9s de la Unidad de G\u00e9nero, llev\u00f3 a cabo una capacitaci\u00f3n dirigida al personal de la Fiscal\u00eda General de Justicia del Estado de Sonora, enfocada en la prevenci\u00f3n del acoso y hostigamiento sexual en el entorno laboral.<\/div>\n<div dir=\"auto\"><\/div>\n<div dir=\"auto\">Ang\u00e9lica Mar\u00eda Pay\u00e1n Garc\u00eda, directora de la Unidad de G\u00e9nero de la Polic\u00eda Municipal, inform\u00f3 que la capacitaci\u00f3n fue impartida por la maestra Blanca Salda\u00f1a L\u00f3pez, experta en temas de igualdad y prevenci\u00f3n de la violencia.<\/div>\n<div dir=\"auto\"><\/div>\n<div dir=\"auto\">&#8220;La colaboraci\u00f3n interinstitucional para lograr una mejor prevenci\u00f3n de la violencia contra la mujer y la violencia en general, por eso celebramos la invitaci\u00f3n por parte de la Fiscal\u00eda para trabajar en conjunto en estos temas, como servidores p\u00fablicos y como instituci\u00f3n\u201d, expres\u00f3<\/div>\n<div dir=\"auto\"><\/div>\n<div dir=\"auto\">El evento se coordin\u00f3 con la Direcci\u00f3n\u00a0 del Instituto de Formaci\u00f3n Profesional de la Fiscal\u00eda, y cont\u00f3 con la asistencia de aproximadamente 80 personas de distintas \u00e1reas de la instituci\u00f3n, tanto de forma presencial como virtual.<\/div>\n<div dir=\"auto\"><\/div>\n<div dir=\"auto\">Entre los y las asistentes se encontraban elementos de \u00e1reas como Recursos Humanos, Oficial\u00eda Mayor, Atenci\u00f3n a V\u00edctimas, Asesor\u00eda Jur\u00eddica, Unidad de Litigaci\u00f3n, Asuntos Jur\u00eddicos, Agentes Ministeriales y personal administrativo.<\/div>\n<\/div>\n<div class=\"yj6qo\"><\/div>\n<div class=\"adL\"><\/div>\n<\/div>\n<\/div>\n<div id=\":3lz\" class=\"hq gt\"><\/div>\n","protected":false},"excerpt":{"rendered":"<p>Hermosillo, Sonora, 18 de mayo de 2025.-\u00a0La Polic\u00eda Preventiva y Tr\u00e1nsito Municipal de Hermosillo, a trav\u00e9s de la Unidad de G\u00e9nero, llev\u00f3 a cabo una capacitaci\u00f3n dirigida al personal de la Fiscal\u00eda General de Justicia del Estado de Sonora, enfocada en la prevenci\u00f3n del acoso y hostigamiento sexual en el entorno laboral. Ang\u00e9lica Mar\u00eda Pay\u00e1n [&hellip;]<\/p>\n","protected":false},"author":2,"featured_media":218723,"comment_status":"closed","ping_status":"closed","sticky":false,"template":"","format":"standard","meta":{"footnotes":""},"categories":[12870,178],"tags":[12865,12869],"class_list":["post-218722","post","type-post","status-publish","format-standard","has-post-thumbnail","hentry","category-destacadas","category-local","tag-destacadas","tag-local"],"jetpack_featured_media_url":"https:\/\/rnoticias.com.mx\/Portal\/wp-content\/uploads\/2025\/05\/1001328767.jpg","amp_enabled":true,"_links":{"self":[{"href":"https:\/\/rnoticias.com.mx\/Portal\/wp-json\/wp\/v2\/posts\/218722","targetHints":{"allow":["GET"]}}],"collection":[{"href":"https:\/\/rnoticias.com.mx\/Portal\/wp-json\/wp\/v2\/posts"}],"about":[{"href":"https:\/\/rnoticias.com.mx\/Portal\/wp-json\/wp\/v2\/types\/post"}],"author":[{"embeddable":true,"href":"https:\/\/rnoticias.com.mx\/Portal\/wp-json\/wp\/v2\/users\/2"}],"replies":[{"embeddable":true,"href":"https:\/\/rnoticias.com.mx\/Portal\/wp-json\/wp\/v2\/comments?post=218722"}],"version-history":[{"count":1,"href":"https:\/\/rnoticias.com.mx\/Portal\/wp-json\/wp\/v2\/posts\/218722\/revisions"}],"predecessor-version":[{"id":218724,"href":"https:\/\/rnoticias.com.mx\/Portal\/wp-json\/wp\/v2\/posts\/218722\/revisions\/218724"}],"wp:featuredmedia":[{"embeddable":true,"href":"https:\/\/rnoticias.com.mx\/Portal\/wp-json\/wp\/v2\/media\/218723"}],"wp:attachment":[{"href":"https:\/\/rnoticias.com.mx\/Portal\/wp-json\/wp\/v2\/media?parent=218722"}],"wp:term":[{"taxonomy":"category","embeddable":true,"href":"https:\/\/rnoticias.com.mx\/Portal\/wp-json\/wp\/v2\/categories?post=218722"},{"taxonomy":"post_tag","embeddable":true,"href":"https:\/\/rnoticias.com.mx\/Portal\/wp-json\/wp\/v2\/tags?post=218722"}],"curies":[{"name":"wp","href":"https:\/\/api.w.org\/{rel}","templated":true}]}}