{"id":218719,"date":"2025-05-18T11:58:52","date_gmt":"2025-05-18T18:58:52","guid":{"rendered":"https:\/\/rnoticias.com.mx\/Portal\/?p=218719"},"modified":"2025-05-18T11:58:52","modified_gmt":"2025-05-18T18:58:52","slug":"gobierno-de-sonora-mantiene-coordinacion-con-autoridades-tradicionales-de-la-nacion-yaqui-y-reafirma-el-dialogo-como-via-para-resolver-diferencias-internas","status":"publish","type":"post","link":"https:\/\/rnoticias.com.mx\/Portal\/2025\/05\/18\/gobierno-de-sonora-mantiene-coordinacion-con-autoridades-tradicionales-de-la-nacion-yaqui-y-reafirma-el-dialogo-como-via-para-resolver-diferencias-internas\/","title":{"rendered":"Gobierno de Sonora mantiene coordinaci\u00f3n con autoridades tradicionales de la Naci\u00f3n Yaqui y reafirma el di\u00e1logo como v\u00eda para resolver diferencias internas"},"content":{"rendered":"<p>Hermosillo, Sonora; 18 de mayo.\u2013 El Gobierno de Sonora ha sostenido comunicaci\u00f3n y mantiene coordinaci\u00f3n permanente con la Guardia Tradicional y los distintos liderazgos de la Naci\u00f3n Yaqui, en el marco de los recientes hechos ocurridos al interior de sus tierras, reafirmando su respeto irrestricto a la autonom\u00eda de los pueblos originarios.<\/p>\n<p>En este contexto, se reconoce la disposici\u00f3n mostrada por las autoridades tradicionales para encauzar cualquier diferencia mediante el di\u00e1logo, el entendimiento y los mecanismos de concertaci\u00f3n que forman parte de su propia organizaci\u00f3n interna y cultural.<\/p>\n<p>El Gobierno del Estado reitera que el respeto a los usos y costumbres de los pueblos ind\u00edgenas es un principio fundamental, y continuar\u00e1 acompa\u00f1ando, con absoluto apego a su autonom\u00eda, los procesos que fortalezcan la cohesi\u00f3n social y la paz comunitaria.<\/p>\n<p>Esta administraci\u00f3n reitera su compromiso de seguir trabajando con los ocho pueblos Yaquis en un marco de respeto mutuo, colaboraci\u00f3n y reconocimiento a su papel hist\u00f3rico en la vida de Sonora.<\/p>\n","protected":false},"excerpt":{"rendered":"<p>Hermosillo, Sonora; 18 de mayo.\u2013 El Gobierno de Sonora ha sostenido comunicaci\u00f3n y mantiene coordinaci\u00f3n permanente con la Guardia Tradicional y los distintos liderazgos de la Naci\u00f3n Yaqui, en el marco de los recientes hechos ocurridos al interior de sus tierras, reafirmando su respeto irrestricto a la autonom\u00eda de los pueblos originarios. En este contexto, [&hellip;]<\/p>\n","protected":false},"author":2,"featured_media":218720,"comment_status":"closed","ping_status":"closed","sticky":false,"template":"","format":"standard","meta":{"footnotes":""},"categories":[12870,178],"tags":[12865,12869],"class_list":["post-218719","post","type-post","status-publish","format-standard","has-post-thumbnail","hentry","category-destacadas","category-local","tag-destacadas","tag-local"],"jetpack_featured_media_url":"https:\/\/rnoticias.com.mx\/Portal\/wp-content\/uploads\/2025\/05\/unnamed-1-30.jpg","amp_enabled":true,"_links":{"self":[{"href":"https:\/\/rnoticias.com.mx\/Portal\/wp-json\/wp\/v2\/posts\/218719","targetHints":{"allow":["GET"]}}],"collection":[{"href":"https:\/\/rnoticias.com.mx\/Portal\/wp-json\/wp\/v2\/posts"}],"about":[{"href":"https:\/\/rnoticias.com.mx\/Portal\/wp-json\/wp\/v2\/types\/post"}],"author":[{"embeddable":true,"href":"https:\/\/rnoticias.com.mx\/Portal\/wp-json\/wp\/v2\/users\/2"}],"replies":[{"embeddable":true,"href":"https:\/\/rnoticias.com.mx\/Portal\/wp-json\/wp\/v2\/comments?post=218719"}],"version-history":[{"count":1,"href":"https:\/\/rnoticias.com.mx\/Portal\/wp-json\/wp\/v2\/posts\/218719\/revisions"}],"predecessor-version":[{"id":218721,"href":"https:\/\/rnoticias.com.mx\/Portal\/wp-json\/wp\/v2\/posts\/218719\/revisions\/218721"}],"wp:featuredmedia":[{"embeddable":true,"href":"https:\/\/rnoticias.com.mx\/Portal\/wp-json\/wp\/v2\/media\/218720"}],"wp:attachment":[{"href":"https:\/\/rnoticias.com.mx\/Portal\/wp-json\/wp\/v2\/media?parent=218719"}],"wp:term":[{"taxonomy":"category","embeddable":true,"href":"https:\/\/rnoticias.com.mx\/Portal\/wp-json\/wp\/v2\/categories?post=218719"},{"taxonomy":"post_tag","embeddable":true,"href":"https:\/\/rnoticias.com.mx\/Portal\/wp-json\/wp\/v2\/tags?post=218719"}],"curies":[{"name":"wp","href":"https:\/\/api.w.org\/{rel}","templated":true}]}}