{"id":218681,"date":"2025-05-17T15:04:09","date_gmt":"2025-05-17T22:04:09","guid":{"rendered":"https:\/\/rnoticias.com.mx\/Portal\/?p=218681"},"modified":"2025-05-17T15:04:09","modified_gmt":"2025-05-17T22:04:09","slug":"convoca-ayuntamiento-de-hermosillo-a-elaborar-arte-con-material-reciclado","status":"publish","type":"post","link":"https:\/\/rnoticias.com.mx\/Portal\/2025\/05\/17\/convoca-ayuntamiento-de-hermosillo-a-elaborar-arte-con-material-reciclado\/","title":{"rendered":"Convoca Ayuntamiento de Hermosillo a elaborar arte con material reciclado"},"content":{"rendered":"<p>Hermosillo, Sonora; 17 de mayo, 2025.- Las personas que gustan del arte y el reciclaje tienen oportunidad de desplegar su creatividad respondiendo a la convocatoria \u201cReciclarte\u201d que lanz\u00f3 el Ayuntamiento de Hermosillo a trav\u00e9s de Servicios P\u00fablicos Municipales.<\/p>\n<p>El director de la dependencia Sergio Pavlovich Escalante, explic\u00f3 que la invitaci\u00f3n es a transformar residuos del hogar y otros materiales en objetos \u00fatiles y bonitos que se incluir\u00e1n en una exposici\u00f3n a realizarse en la plaza Zaragoza, el domingo primero de junio a partir de las 17:00 horas.<\/p>\n<p>Quienes deseen vivir esta experiencia creativa pueden inscribirse por WhatsApp en el n\u00famero 6622 785140, con fecha l\u00edmite el s\u00e1bado 31 de mayo del presente a\u00f1o, abund\u00f3.<\/p>\n<p>El funcionario en la administraci\u00f3n que preside Antonio Astiazar\u00e1n Guti\u00e9rrez revel\u00f3 que la convocatoria \u201cReciclarte\u201d, forma parte del programa municipal RecilaXTuComunidad y su objetivo es estimular la creaci\u00f3n art\u00edstica y al mismo tiempo promover la cultura del cuidado del medio ambiente.<\/p>\n","protected":false},"excerpt":{"rendered":"<p>Hermosillo, Sonora; 17 de mayo, 2025.- Las personas que gustan del arte y el reciclaje tienen oportunidad de desplegar su creatividad respondiendo a la convocatoria \u201cReciclarte\u201d que lanz\u00f3 el Ayuntamiento de Hermosillo a trav\u00e9s de Servicios P\u00fablicos Municipales. El director de la dependencia Sergio Pavlovich Escalante, explic\u00f3 que la invitaci\u00f3n es a transformar residuos del [&hellip;]<\/p>\n","protected":false},"author":2,"featured_media":218682,"comment_status":"closed","ping_status":"closed","sticky":false,"template":"","format":"standard","meta":{"footnotes":""},"categories":[12870,178],"tags":[12865,12869],"class_list":["post-218681","post","type-post","status-publish","format-standard","has-post-thumbnail","hentry","category-destacadas","category-local","tag-destacadas","tag-local"],"jetpack_featured_media_url":"https:\/\/rnoticias.com.mx\/Portal\/wp-content\/uploads\/2025\/05\/3903a22f-f8c9-4554-a564-9d659ff3d4be.jpg","amp_enabled":true,"_links":{"self":[{"href":"https:\/\/rnoticias.com.mx\/Portal\/wp-json\/wp\/v2\/posts\/218681","targetHints":{"allow":["GET"]}}],"collection":[{"href":"https:\/\/rnoticias.com.mx\/Portal\/wp-json\/wp\/v2\/posts"}],"about":[{"href":"https:\/\/rnoticias.com.mx\/Portal\/wp-json\/wp\/v2\/types\/post"}],"author":[{"embeddable":true,"href":"https:\/\/rnoticias.com.mx\/Portal\/wp-json\/wp\/v2\/users\/2"}],"replies":[{"embeddable":true,"href":"https:\/\/rnoticias.com.mx\/Portal\/wp-json\/wp\/v2\/comments?post=218681"}],"version-history":[{"count":1,"href":"https:\/\/rnoticias.com.mx\/Portal\/wp-json\/wp\/v2\/posts\/218681\/revisions"}],"predecessor-version":[{"id":218683,"href":"https:\/\/rnoticias.com.mx\/Portal\/wp-json\/wp\/v2\/posts\/218681\/revisions\/218683"}],"wp:featuredmedia":[{"embeddable":true,"href":"https:\/\/rnoticias.com.mx\/Portal\/wp-json\/wp\/v2\/media\/218682"}],"wp:attachment":[{"href":"https:\/\/rnoticias.com.mx\/Portal\/wp-json\/wp\/v2\/media?parent=218681"}],"wp:term":[{"taxonomy":"category","embeddable":true,"href":"https:\/\/rnoticias.com.mx\/Portal\/wp-json\/wp\/v2\/categories?post=218681"},{"taxonomy":"post_tag","embeddable":true,"href":"https:\/\/rnoticias.com.mx\/Portal\/wp-json\/wp\/v2\/tags?post=218681"}],"curies":[{"name":"wp","href":"https:\/\/api.w.org\/{rel}","templated":true}]}}