{"id":218675,"date":"2025-05-17T14:10:34","date_gmt":"2025-05-17T21:10:34","guid":{"rendered":"https:\/\/rnoticias.com.mx\/Portal\/?p=218675"},"modified":"2025-05-17T14:10:34","modified_gmt":"2025-05-17T21:10:34","slug":"resurge-en-redes-sociales-video-musical-en-donde-aparece-valeria-marquez","status":"publish","type":"post","link":"https:\/\/rnoticias.com.mx\/Portal\/2025\/05\/17\/resurge-en-redes-sociales-video-musical-en-donde-aparece-valeria-marquez\/","title":{"rendered":"Resurge en redes sociales video musical en donde aparece Valeria M\u00e1rquez"},"content":{"rendered":"<p>Reviven en redes un video de<strong>\u00a0Luis R Conriquez<\/strong>\u00a0estrenado hace un a\u00f1o en donde aparece\u00a0<strong>Valeria<\/strong>\u00a0<strong>M\u00e1rquez<\/strong>, la influencer<strong>\u00a0asesinada el pasado 13 de mayo\u00a0<\/strong>dentro de un sal\u00f3n de belleza en\u00a0<strong>Zapopan<\/strong>.<\/p>\n<p>El asesinato se registr\u00f3 alrededor de las 18:30 horas al interior de una est\u00e9tica situada en la Avenida Servidor P\u00fablico, en la colonia Real del Carmen.<\/p>\n<p>Seg\u00fan los primeros reportes, la joven se encontraba en su negocio cuando<strong>\u00a0un hombre ingres\u00f3 al establecimiento y, presuntamente, le dispar\u00f3 con un arma de fuego,\u00a0<\/strong>caus\u00e1ndole la muerte.<\/p>\n<p>Por medio de\u00a0<strong>YouTube<\/strong>, el cantante\u00a0<strong>Luis R. Conriquez<\/strong>\u00a0junto a\u00a0<strong>Brian<\/strong>\u00a0<strong>Santin<\/strong>\u00a0compartieron su canci\u00f3n &#8220;<strong>Koenigsegg<\/strong>&#8220;, donde apareci\u00f3 la modelo\u00a0<strong>Valeria M\u00e1rquez\u00a0<\/strong>en el\u00a0<strong>clip<\/strong>\u00a0<strong>musical<\/strong>.<\/p>\n<p>Este tema musical es<strong>\u00a0un corrido que exalta el lujo, la velocidad y el poder<\/strong>\u00a0asociados con los<strong>\u00a0autom\u00f3viles deportivos de alta gama.<\/strong>\u00a0El t\u00edtulo hace referencia a la marca sueca\u00a0<strong>Koenigsegg<\/strong>, reconocida por fabricar algunos de los veh\u00edculos m\u00e1s exclusivos y r\u00e1pidos del mundo.<\/p>\n<p>La canci\u00f3n tambi\u00e9n refleja el\u00a0<strong>estilo de vida ostentoso y la sensaci\u00f3n de libertad\u00a0<\/strong>que se asocia con la posesi\u00f3n de estos veh\u00edculos, convirti\u00e9ndolos en<strong>\u00a0s\u00edmbolos de estatus y poder.<\/strong><\/p>\n<p>Aunado a ello, en la grabaci\u00f3n\u00a0<strong>se aprecia a la influencer lucir un vestido negro<\/strong>, mientras permanece de pie frente a un veh\u00edculo deportivo color amarillo.<\/p>\n<div class=\"div-pos-7\"><\/div>\n<p>El video\u00a0<strong>cuenta con 3.5 millones de reproducciones<\/strong>\u00a0y m\u00e1s de 43 mil &#8220;likes&#8221;. Recientemente, en la secci\u00f3n de comentarios se pueden leer condolencias por la muerte de\u00a0<strong>Valeria<\/strong>\u00a0<strong>M\u00e1rquez<\/strong>.<\/p>\n","protected":false},"excerpt":{"rendered":"<p>Reviven en redes un video de\u00a0Luis R Conriquez\u00a0estrenado hace un a\u00f1o en donde aparece\u00a0Valeria\u00a0M\u00e1rquez, la influencer\u00a0asesinada el pasado 13 de mayo\u00a0dentro de un sal\u00f3n de belleza en\u00a0Zapopan. El asesinato se registr\u00f3 alrededor de las 18:30 horas al interior de una est\u00e9tica situada en la Avenida Servidor P\u00fablico, en la colonia Real del Carmen. Seg\u00fan los [&hellip;]<\/p>\n","protected":false},"author":2,"featured_media":218676,"comment_status":"closed","ping_status":"closed","sticky":false,"template":"","format":"standard","meta":{"footnotes":""},"categories":[12870,219],"tags":[12865,12875],"class_list":["post-218675","post","type-post","status-publish","format-standard","has-post-thumbnail","hentry","category-destacadas","category-espectaculos","tag-destacadas","tag-espectaculos"],"jetpack_featured_media_url":"https:\/\/rnoticias.com.mx\/Portal\/wp-content\/uploads\/2025\/05\/valeria_luis_r_conriquez.jpg","amp_enabled":true,"_links":{"self":[{"href":"https:\/\/rnoticias.com.mx\/Portal\/wp-json\/wp\/v2\/posts\/218675","targetHints":{"allow":["GET"]}}],"collection":[{"href":"https:\/\/rnoticias.com.mx\/Portal\/wp-json\/wp\/v2\/posts"}],"about":[{"href":"https:\/\/rnoticias.com.mx\/Portal\/wp-json\/wp\/v2\/types\/post"}],"author":[{"embeddable":true,"href":"https:\/\/rnoticias.com.mx\/Portal\/wp-json\/wp\/v2\/users\/2"}],"replies":[{"embeddable":true,"href":"https:\/\/rnoticias.com.mx\/Portal\/wp-json\/wp\/v2\/comments?post=218675"}],"version-history":[{"count":1,"href":"https:\/\/rnoticias.com.mx\/Portal\/wp-json\/wp\/v2\/posts\/218675\/revisions"}],"predecessor-version":[{"id":218677,"href":"https:\/\/rnoticias.com.mx\/Portal\/wp-json\/wp\/v2\/posts\/218675\/revisions\/218677"}],"wp:featuredmedia":[{"embeddable":true,"href":"https:\/\/rnoticias.com.mx\/Portal\/wp-json\/wp\/v2\/media\/218676"}],"wp:attachment":[{"href":"https:\/\/rnoticias.com.mx\/Portal\/wp-json\/wp\/v2\/media?parent=218675"}],"wp:term":[{"taxonomy":"category","embeddable":true,"href":"https:\/\/rnoticias.com.mx\/Portal\/wp-json\/wp\/v2\/categories?post=218675"},{"taxonomy":"post_tag","embeddable":true,"href":"https:\/\/rnoticias.com.mx\/Portal\/wp-json\/wp\/v2\/tags?post=218675"}],"curies":[{"name":"wp","href":"https:\/\/api.w.org\/{rel}","templated":true}]}}