{"id":218672,"date":"2025-05-17T14:08:50","date_gmt":"2025-05-17T21:08:50","guid":{"rendered":"https:\/\/rnoticias.com.mx\/Portal\/?p=218672"},"modified":"2025-05-17T14:08:50","modified_gmt":"2025-05-17T21:08:50","slug":"juventudes-panistas-de-sonora-eligen-a-jose-luis-soltero-como-nuevo-secretario-estatal-de-accion-juvenil","status":"publish","type":"post","link":"https:\/\/rnoticias.com.mx\/Portal\/2025\/05\/17\/juventudes-panistas-de-sonora-eligen-a-jose-luis-soltero-como-nuevo-secretario-estatal-de-accion-juvenil\/","title":{"rendered":"JUVENTUDES PANISTAS DE SONORA ELIGEN A JOS\u00c9 LUIS SOLTERO COMO NUEVO SECRETARIO ESTATAL DE ACCI\u00d3N JUVENIL"},"content":{"rendered":"<p>En el marco de la X Asamblea Estatal de Acci\u00f3n Juvenil del PAN Sonora, las juventudes panistas eligieron por unanimidad a Jos\u00e9 Luis Soltero Ram\u00edrez como nuevo Secretario Estatal de Acci\u00f3n Juvenil, quien encabezar\u00e1 la estructura juvenil del partido en el estado y trabajar\u00e1 por acercar las causas de los j\u00f3venes a la vida p\u00fablica.<\/p>\n<p>Ante una Casa Azul llena de entusiasmo y convicci\u00f3n, Soltero Ram\u00edrez tom\u00f3 protesta junto a su planilla integrada por Fernando C\u00e1zarez, Jes\u00fas Ram\u00f3n Palafox, Andrea Salazar y Alejandra Robles Moreno, marcando el inicio de una nueva etapa para Acci\u00f3n Juvenil en Sonora.<\/p>\n<p>Jos\u00e9 Luis Soltero Ram\u00edrez, egresado de Mercadotecnia, es reconocido por su liderazgo genuino, cercano y con una capacidad natural para inspirar y conectar con los j\u00f3venes. Durante su mensaje, expres\u00f3 su compromiso con una pol\u00edtica que escuche, act\u00fae y transforme:<\/p>\n<p>\u201cNo prometemos milagros, prometemos trabajar. Vamos a hacer que las cosas sucedan desde donde importa: desde las colonias, las canchas, las casas, las iglesias. Queremos nuevas soluciones a viejos problemas, y lo vamos a lograr con una juventud so\u00f1adora, resistente y de acci\u00f3n\u201d, se\u00f1al\u00f3.<\/p>\n<p>Durante su intervenci\u00f3n, Soltero Ram\u00edrez present\u00f3 las bases de su plan de trabajo, construido en equipo y desde las causas reales de las juventudes:<\/p>\n<p>\u25cf Construir una red activa de j\u00f3venes en los 72 municipios de Sonora<br \/>\n\u25cf Llevar Acci\u00f3n Juvenil a cada espacio donde haya inquietud, talento y liderazgo juvenil<br \/>\n\u25cf Promover formaci\u00f3n, participaci\u00f3n pol\u00edtica y acci\u00f3n directa desde lo local<br \/>\n\u25cf Impulsar liderazgos nuevos con visi\u00f3n, comunidad y responsabilidad social<br \/>\n\u201cEn Sonora no nos toman el pelo. Somos la generaci\u00f3n que va a llevar a To\u00f1o Astiazar\u00e1n a la gubernatura. Somos m\u00e1s que promesas, somos acciones. Nacimos listos. Somos esperanza presente\u201d, afirm\u00f3 con fuerza.<\/p>\n<p>La Asamblea cont\u00f3 con la presencia de importantes liderazgos del PAN, Celina Aldana, Secretaria General, Mary Estrella, secretaria adjunta, Eduardo Acu\u00f1a, Secretario del Ayuntamiento de Hermosillo, Agust\u00edn Rodr\u00edguez, Diputado Federal, D\u00e9bora Mart\u00ednez, Secretaria General Nacional de Acci\u00f3n Juvenil, secretario de Fortalecimiento, Alberto Castro.<\/p>\n<p>El presidente del PAN Sonora, Gildardo Real, desde Durango, donde participa en la plenaria nacional de jefes estatales les dio un mensaje claro y firme:<\/p>\n<p>\u201cGrande es la apuesta del PAN Sonora en las y los j\u00f3venes. Hoy Jos\u00e9 Luis Soltero asume la dirigencia de Acci\u00f3n Juvenil Sonora, porque el cambio en M\u00e9xico solo ser\u00e1 posible con la fuerza y la energ\u00eda de la juventud. Mientras Morena divide y destruye, en el PAN formamos j\u00f3venes libres y valientes\u201d.<\/p>\n<p>Durante su participaci\u00f3n, Eduardo Acu\u00f1a exhort\u00f3 a las y los nuevos l\u00edderes juveniles a vivir esta etapa con pasi\u00f3n, humildad y prop\u00f3sito:<\/p>\n<p>\u201cDisfruten, aprendan, crezcan. Lo que empieza con respeto, humildad y trabajo siempre trae buenos resultados. Este es su momento, c\u00e1mbienlo todo, empiecen por ustedes\u201d, expres\u00f3.<\/p>\n<p>Soltero Ram\u00edrez finaliz\u00f3 su discurso agradeciendo a su equipo, a sus padres, amigos y a quienes confiaron en su proyecto:<\/p>\n<p>\u201cAgradezco profundamente a quienes creyeron en este camino. A To\u00f1o Astiazar\u00e1n que me demostr\u00f3 que la juventud s\u00ed puede transformar. Gracias tambi\u00e9n al presidente Gildardo Real y a Celina Aldana por su respaldo. Hoy no solo tomo protesta, reafirmo el compromiso con cada joven que quiere crecer, luchar y cambiar Sonora con trabajo, pasi\u00f3n y causa\u201d.<\/p>\n<p>La secretaria general, Celina Aldana reconoci\u00f3 el trabajo de las juventudes, agradeci\u00f3 el apoyo de todas y todos y les reafirm\u00f3 el compromiso del PAN Sonora para seguir trabajando por las familias en el estado.<\/p>\n<p>Con esta asamblea, el PAN Sonora ratifica su convicci\u00f3n de que el cambio en Sonora empieza con las juventudes, no sin ellas.<\/p>\n","protected":false},"excerpt":{"rendered":"<p>En el marco de la X Asamblea Estatal de Acci\u00f3n Juvenil del PAN Sonora, las juventudes panistas eligieron por unanimidad a Jos\u00e9 Luis Soltero Ram\u00edrez como nuevo Secretario Estatal de Acci\u00f3n Juvenil, quien encabezar\u00e1 la estructura juvenil del partido en el estado y trabajar\u00e1 por acercar las causas de los j\u00f3venes a la vida p\u00fablica. [&hellip;]<\/p>\n","protected":false},"author":2,"featured_media":218673,"comment_status":"closed","ping_status":"closed","sticky":false,"template":"","format":"standard","meta":{"footnotes":""},"categories":[12870,12868],"tags":[12865,12879],"class_list":["post-218672","post","type-post","status-publish","format-standard","has-post-thumbnail","hentry","category-destacadas","category-politica","tag-destacadas","tag-politica"],"jetpack_featured_media_url":"https:\/\/rnoticias.com.mx\/Portal\/wp-content\/uploads\/2025\/05\/58b734ee-688b-47d4-9686-d8a87e296b58.jpg","amp_enabled":true,"_links":{"self":[{"href":"https:\/\/rnoticias.com.mx\/Portal\/wp-json\/wp\/v2\/posts\/218672","targetHints":{"allow":["GET"]}}],"collection":[{"href":"https:\/\/rnoticias.com.mx\/Portal\/wp-json\/wp\/v2\/posts"}],"about":[{"href":"https:\/\/rnoticias.com.mx\/Portal\/wp-json\/wp\/v2\/types\/post"}],"author":[{"embeddable":true,"href":"https:\/\/rnoticias.com.mx\/Portal\/wp-json\/wp\/v2\/users\/2"}],"replies":[{"embeddable":true,"href":"https:\/\/rnoticias.com.mx\/Portal\/wp-json\/wp\/v2\/comments?post=218672"}],"version-history":[{"count":1,"href":"https:\/\/rnoticias.com.mx\/Portal\/wp-json\/wp\/v2\/posts\/218672\/revisions"}],"predecessor-version":[{"id":218674,"href":"https:\/\/rnoticias.com.mx\/Portal\/wp-json\/wp\/v2\/posts\/218672\/revisions\/218674"}],"wp:featuredmedia":[{"embeddable":true,"href":"https:\/\/rnoticias.com.mx\/Portal\/wp-json\/wp\/v2\/media\/218673"}],"wp:attachment":[{"href":"https:\/\/rnoticias.com.mx\/Portal\/wp-json\/wp\/v2\/media?parent=218672"}],"wp:term":[{"taxonomy":"category","embeddable":true,"href":"https:\/\/rnoticias.com.mx\/Portal\/wp-json\/wp\/v2\/categories?post=218672"},{"taxonomy":"post_tag","embeddable":true,"href":"https:\/\/rnoticias.com.mx\/Portal\/wp-json\/wp\/v2\/tags?post=218672"}],"curies":[{"name":"wp","href":"https:\/\/api.w.org\/{rel}","templated":true}]}}