{"id":218664,"date":"2025-05-17T14:01:03","date_gmt":"2025-05-17T21:01:03","guid":{"rendered":"https:\/\/rnoticias.com.mx\/Portal\/?p=218664"},"modified":"2025-05-17T14:01:03","modified_gmt":"2025-05-17T21:01:03","slug":"entrega-gobierno-de-sonora-proyectos-productivos-y-alimentarios-en-quiriego","status":"publish","type":"post","link":"https:\/\/rnoticias.com.mx\/Portal\/2025\/05\/17\/entrega-gobierno-de-sonora-proyectos-productivos-y-alimentarios-en-quiriego\/","title":{"rendered":"Entrega Gobierno de Sonora proyectos productivos y alimentarios en Quiriego"},"content":{"rendered":"<p>Quiriego, Sonora; 17 de mayo de 2025.- Como parte del compromiso del gobernador Alfonso Durazo Monta\u00f1o con la justicia social y el desarrollo de los pueblos originarios y grupos en situaci\u00f3n de vulnerabilidad, el Gobierno de Sonora, a trav\u00e9s del Sistema DIF Sonora, llev\u00f3 a cabo dos importantes actividades en este municipio: la entrega de proyectos productivos Yo Puedo y la Jornada En tu Comunidad Makurawe.<\/p>\n<p>En coordinaci\u00f3n con el H. Ayuntamiento de Quiriego y el Sistema Municipal DIF, se entregaron proyectos productivos dirigidos a personas con discapacidad, con el prop\u00f3sito de fomentar su autonom\u00eda y mejorar su calidad de vida.<\/p>\n<p>Entre los apoyos entregados se encuentran proyectos de tortiller\u00eda, panader\u00eda, elaboraci\u00f3n de tamales y carretas de hot dogs.<\/p>\n<p>Cada uno de estos apoyos representa una oportunidad real de autoempleo, fortalecimiento econ\u00f3mico y ejercicio pleno de los derechos de las personas con discapacidad.<\/p>\n<p>Tambi\u00e9n se llev\u00f3 a cabo la Jornada En tu Comunidad Makurawe en el poblado de Los Baj\u00edos, donde se benefici\u00f3 directamente a familias de la comunidad guarij\u00eda con la entrega de paquetes alimentarios. Esta acci\u00f3n responde a la necesidad de atender de manera prioritaria a los pueblos originarios, respetando su cultura y garantizando su derecho a una alimentaci\u00f3n digna.<\/p>\n<p>\u201cCon esta jornada se reafirma el compromiso de este gobierno de llegar a donde antes no se hab\u00eda llegado, reconociendo la diversidad cultural y asegurando un trato digno e igualitario a las comunidades ind\u00edgenas\u201d, expres\u00f3 la directora general del Sistema DIF Sonora, Lizeth V\u00e1squez Ochoa.<\/p>\n<p>El Gobierno de Sonora, encabezado por el gobernador Alfonso Durazo Monta\u00f1o, ha demostrado que, en esta administraci\u00f3n, nadie se queda atr\u00e1s y nadie se queda fuera. Se invierte en lo que m\u00e1s importa: las familias y su autonom\u00eda. Estas acciones son ejemplo de una pol\u00edtica p\u00fablica incluyente, humana y con visi\u00f3n de futuro.<\/p>\n","protected":false},"excerpt":{"rendered":"<p>Quiriego, Sonora; 17 de mayo de 2025.- Como parte del compromiso del gobernador Alfonso Durazo Monta\u00f1o con la justicia social y el desarrollo de los pueblos originarios y grupos en situaci\u00f3n de vulnerabilidad, el Gobierno de Sonora, a trav\u00e9s del Sistema DIF Sonora, llev\u00f3 a cabo dos importantes actividades en este municipio: la entrega de [&hellip;]<\/p>\n","protected":false},"author":2,"featured_media":218665,"comment_status":"closed","ping_status":"closed","sticky":false,"template":"","format":"standard","meta":{"footnotes":""},"categories":[12870,174],"tags":[12865,12873],"class_list":["post-218664","post","type-post","status-publish","format-standard","has-post-thumbnail","hentry","category-destacadas","category-estatal","tag-destacadas","tag-estatal"],"jetpack_featured_media_url":"https:\/\/rnoticias.com.mx\/Portal\/wp-content\/uploads\/2025\/05\/unnamed-1-29.jpg","amp_enabled":true,"_links":{"self":[{"href":"https:\/\/rnoticias.com.mx\/Portal\/wp-json\/wp\/v2\/posts\/218664","targetHints":{"allow":["GET"]}}],"collection":[{"href":"https:\/\/rnoticias.com.mx\/Portal\/wp-json\/wp\/v2\/posts"}],"about":[{"href":"https:\/\/rnoticias.com.mx\/Portal\/wp-json\/wp\/v2\/types\/post"}],"author":[{"embeddable":true,"href":"https:\/\/rnoticias.com.mx\/Portal\/wp-json\/wp\/v2\/users\/2"}],"replies":[{"embeddable":true,"href":"https:\/\/rnoticias.com.mx\/Portal\/wp-json\/wp\/v2\/comments?post=218664"}],"version-history":[{"count":1,"href":"https:\/\/rnoticias.com.mx\/Portal\/wp-json\/wp\/v2\/posts\/218664\/revisions"}],"predecessor-version":[{"id":218666,"href":"https:\/\/rnoticias.com.mx\/Portal\/wp-json\/wp\/v2\/posts\/218664\/revisions\/218666"}],"wp:featuredmedia":[{"embeddable":true,"href":"https:\/\/rnoticias.com.mx\/Portal\/wp-json\/wp\/v2\/media\/218665"}],"wp:attachment":[{"href":"https:\/\/rnoticias.com.mx\/Portal\/wp-json\/wp\/v2\/media?parent=218664"}],"wp:term":[{"taxonomy":"category","embeddable":true,"href":"https:\/\/rnoticias.com.mx\/Portal\/wp-json\/wp\/v2\/categories?post=218664"},{"taxonomy":"post_tag","embeddable":true,"href":"https:\/\/rnoticias.com.mx\/Portal\/wp-json\/wp\/v2\/tags?post=218664"}],"curies":[{"name":"wp","href":"https:\/\/api.w.org\/{rel}","templated":true}]}}