{"id":218634,"date":"2025-05-17T07:35:47","date_gmt":"2025-05-17T14:35:47","guid":{"rendered":"https:\/\/rnoticias.com.mx\/Portal\/?p=218634"},"modified":"2025-05-17T07:35:47","modified_gmt":"2025-05-17T14:35:47","slug":"justin-bieber-niega-haber-sido-victima-de-diddy-y-hace-llamado-a-centrar-la-atencion-en-las-verdaderas-victimas","status":"publish","type":"post","link":"https:\/\/rnoticias.com.mx\/Portal\/2025\/05\/17\/justin-bieber-niega-haber-sido-victima-de-diddy-y-hace-llamado-a-centrar-la-atencion-en-las-verdaderas-victimas\/","title":{"rendered":"Justin Bieber niega haber sido v\u00edctima de Diddy y hace llamado a centrar la atenci\u00f3n en las verdaderas v\u00edctimas"},"content":{"rendered":"<p>En medio del juicio federal que enfrenta\u00a0<strong>Sean \u201cDiddy\u201d Combs<\/strong>\u00a0por cargos de\u00a0<strong>tr\u00e1fico sexual y otros delitos graves,<\/strong>\u00a0<strong>Justin Bieber<\/strong>\u00a0ha salido al paso de las especulaciones sobre su relaci\u00f3n con el productor musical. A trav\u00e9s de su representante, Bieber afirm\u00f3 que\u00a0<mark>no fue v\u00edctima de Combs y pidi\u00f3 que la atenci\u00f3n se mantenga en las verdaderas v\u00edctimas que buscan justicia.<\/mark><\/p>\n<p>La aclaraci\u00f3n de Bieber se produce tras la difusi\u00f3n en redes sociales de un video de 2009 en el que aparece junto a Combs, lo que gener\u00f3 rumores sobre una posible conducta inapropiada. Sin embargo, fuentes cercanas al cantante han reiterado que\u00a0<mark>su relaci\u00f3n con Combs fue limitada y principalmente profesional, y que Bieber ten\u00eda una amistad m\u00e1s cercana con los hijos del productor.\u00a0<\/mark><\/p>\n<p>Combs, de 55 a\u00f1os, fue arrestado en septiembre de 2024 y enfrenta cargos que incluyen\u00a0<strong>tr\u00e1fico sexual, crimen organizado y transporte con fines de prostituci\u00f3n.<\/strong>\u00a0Las acusaciones en su contra abarcan un per\u00edodo de dos d\u00e9cadas e involucran a m\u00faltiples v\u00edctimas, incluyendo a su ex pareja\u00a0<strong>Cassie Ventura,<\/strong>\u00a0quien ha testificado sobre abusos f\u00edsicos y sexuales.<\/p>\n<p>Bieber, actualmente enfocado en su vida familiar tras el nacimiento de su hijo con\u00a0<strong>Hailey Bieber,<\/strong>\u00a0ha optado por mantenerse al margen del caso y proteger su bienestar emocional. Fuentes cercanas al artista han indicado que est\u00e1\u00a0<strong>\u201ccompletamente asqueado\u201d<\/strong>\u00a0por las acusaciones contra Combs y que ha decidido alejarse de la situaci\u00f3n para centrarse en su rol como padre y esposo.<\/p>\n<p>El juicio contra Combs contin\u00faa en Nueva York, y de ser hallado culpable, podr\u00eda enfrentar penas severas,\u00a0<mark>incluyendo cadena perpetua.<\/mark><\/p>\n","protected":false},"excerpt":{"rendered":"<p>En medio del juicio federal que enfrenta\u00a0Sean \u201cDiddy\u201d Combs\u00a0por cargos de\u00a0tr\u00e1fico sexual y otros delitos graves,\u00a0Justin Bieber\u00a0ha salido al paso de las especulaciones sobre su relaci\u00f3n con el productor musical. A trav\u00e9s de su representante, Bieber afirm\u00f3 que\u00a0no fue v\u00edctima de Combs y pidi\u00f3 que la atenci\u00f3n se mantenga en las verdaderas v\u00edctimas que buscan [&hellip;]<\/p>\n","protected":false},"author":2,"featured_media":218635,"comment_status":"closed","ping_status":"closed","sticky":false,"template":"","format":"standard","meta":{"footnotes":""},"categories":[12870,219],"tags":[12865,12875],"class_list":["post-218634","post","type-post","status-publish","format-standard","has-post-thumbnail","hentry","category-destacadas","category-espectaculos","tag-destacadas","tag-espectaculos"],"jetpack_featured_media_url":"https:\/\/rnoticias.com.mx\/Portal\/wp-content\/uploads\/2025\/05\/justin-bieber-oki.jpg","amp_enabled":true,"_links":{"self":[{"href":"https:\/\/rnoticias.com.mx\/Portal\/wp-json\/wp\/v2\/posts\/218634","targetHints":{"allow":["GET"]}}],"collection":[{"href":"https:\/\/rnoticias.com.mx\/Portal\/wp-json\/wp\/v2\/posts"}],"about":[{"href":"https:\/\/rnoticias.com.mx\/Portal\/wp-json\/wp\/v2\/types\/post"}],"author":[{"embeddable":true,"href":"https:\/\/rnoticias.com.mx\/Portal\/wp-json\/wp\/v2\/users\/2"}],"replies":[{"embeddable":true,"href":"https:\/\/rnoticias.com.mx\/Portal\/wp-json\/wp\/v2\/comments?post=218634"}],"version-history":[{"count":1,"href":"https:\/\/rnoticias.com.mx\/Portal\/wp-json\/wp\/v2\/posts\/218634\/revisions"}],"predecessor-version":[{"id":218636,"href":"https:\/\/rnoticias.com.mx\/Portal\/wp-json\/wp\/v2\/posts\/218634\/revisions\/218636"}],"wp:featuredmedia":[{"embeddable":true,"href":"https:\/\/rnoticias.com.mx\/Portal\/wp-json\/wp\/v2\/media\/218635"}],"wp:attachment":[{"href":"https:\/\/rnoticias.com.mx\/Portal\/wp-json\/wp\/v2\/media?parent=218634"}],"wp:term":[{"taxonomy":"category","embeddable":true,"href":"https:\/\/rnoticias.com.mx\/Portal\/wp-json\/wp\/v2\/categories?post=218634"},{"taxonomy":"post_tag","embeddable":true,"href":"https:\/\/rnoticias.com.mx\/Portal\/wp-json\/wp\/v2\/tags?post=218634"}],"curies":[{"name":"wp","href":"https:\/\/api.w.org\/{rel}","templated":true}]}}