{"id":218453,"date":"2025-05-15T17:18:01","date_gmt":"2025-05-16T00:18:01","guid":{"rendered":"https:\/\/rnoticias.com.mx\/Portal\/?p=218453"},"modified":"2025-05-15T17:18:01","modified_gmt":"2025-05-16T00:18:01","slug":"aumentan-15-las-reservaciones-para-destinos-turisticos-en-sonora-este-verano","status":"publish","type":"post","link":"https:\/\/rnoticias.com.mx\/Portal\/2025\/05\/15\/aumentan-15-las-reservaciones-para-destinos-turisticos-en-sonora-este-verano\/","title":{"rendered":"Aumentan 15% las reservaciones para destinos tur\u00edsticos en Sonora este verano"},"content":{"rendered":"<p><strong>Hermosillo, Sonora. <\/strong>Sonora se perfila como uno de los destinos favoritos para vacacionar este verano, con un aumento del 15% en las reservaciones tur\u00edsticas en comparaci\u00f3n con el mismo periodo del a\u00f1o pasado, inform\u00f3 la Asociaci\u00f3n de Touroperadores, Anfitriones y Gu\u00edas Tur\u00edsticos del estado.<\/p>\n<p>&nbsp;<\/p>\n<p>Julio Rasc\u00f3n, presidente del organismo, los principales puntos de inter\u00e9s para turistas tanto nacionales como locales son las playas de Puerto Pe\u00f1asco, Guaymas y San Carlos, as\u00ed como los destinos de la Sierra Alta, entre ellos Y\u00e9cora y \u00c1lamos.<\/p>\n<p>&nbsp;<\/p>\n<p><strong>\u201cYa tenemos fechas anunciadas para viajar durante las vacaciones de verano. Queremos invitar a la gente a conocer Sonora: Puerto Pe\u00f1asco, la Sierra Alta, las playas de Guaymas, Huatabampito, Y\u00e9cora, \u00c1lamos. Hemos registrado un 15% de incremento en reservaciones\u201d, se\u00f1al\u00f3.<\/strong><\/p>\n<p>&nbsp;<\/p>\n<p>El repunte en la actividad tur\u00edstica se presenta en la temporada que abarca de mediados de junio a finales de agosto, y tambi\u00e9n ha captado la atenci\u00f3n de visitantes extranjeros, quienes se interesan particularmente en eventos culturales como la celebraci\u00f3n del A\u00f1o Nuevo Comc\u00e1ac (seri), que se lleva a cabo durante el verano.<\/p>\n<p>&nbsp;<\/p>\n<p>Resalt\u00f3, que el aumento en la demanda tur\u00edstica representa un respiro para la econom\u00eda local y una oportunidad para promover los atractivos naturales y culturales de la regi\u00f3n.<\/p>\n","protected":false},"excerpt":{"rendered":"<p>Hermosillo, Sonora. Sonora se perfila como uno de los destinos favoritos para vacacionar este verano, con un aumento del 15% en las reservaciones tur\u00edsticas en comparaci\u00f3n con el mismo periodo del a\u00f1o pasado, inform\u00f3 la Asociaci\u00f3n de Touroperadores, Anfitriones y Gu\u00edas Tur\u00edsticos del estado. &nbsp; Julio Rasc\u00f3n, presidente del organismo, los principales puntos de inter\u00e9s [&hellip;]<\/p>\n","protected":false},"author":2,"featured_media":218454,"comment_status":"closed","ping_status":"closed","sticky":false,"template":"","format":"standard","meta":{"footnotes":""},"categories":[12870,178],"tags":[12865,12869],"class_list":["post-218453","post","type-post","status-publish","format-standard","has-post-thumbnail","hentry","category-destacadas","category-local","tag-destacadas","tag-local"],"jetpack_featured_media_url":"https:\/\/rnoticias.com.mx\/Portal\/wp-content\/uploads\/2025\/05\/Los-destinos-turisticos-mas-visitados-en-Sonora.webp","amp_enabled":true,"_links":{"self":[{"href":"https:\/\/rnoticias.com.mx\/Portal\/wp-json\/wp\/v2\/posts\/218453","targetHints":{"allow":["GET"]}}],"collection":[{"href":"https:\/\/rnoticias.com.mx\/Portal\/wp-json\/wp\/v2\/posts"}],"about":[{"href":"https:\/\/rnoticias.com.mx\/Portal\/wp-json\/wp\/v2\/types\/post"}],"author":[{"embeddable":true,"href":"https:\/\/rnoticias.com.mx\/Portal\/wp-json\/wp\/v2\/users\/2"}],"replies":[{"embeddable":true,"href":"https:\/\/rnoticias.com.mx\/Portal\/wp-json\/wp\/v2\/comments?post=218453"}],"version-history":[{"count":1,"href":"https:\/\/rnoticias.com.mx\/Portal\/wp-json\/wp\/v2\/posts\/218453\/revisions"}],"predecessor-version":[{"id":218455,"href":"https:\/\/rnoticias.com.mx\/Portal\/wp-json\/wp\/v2\/posts\/218453\/revisions\/218455"}],"wp:featuredmedia":[{"embeddable":true,"href":"https:\/\/rnoticias.com.mx\/Portal\/wp-json\/wp\/v2\/media\/218454"}],"wp:attachment":[{"href":"https:\/\/rnoticias.com.mx\/Portal\/wp-json\/wp\/v2\/media?parent=218453"}],"wp:term":[{"taxonomy":"category","embeddable":true,"href":"https:\/\/rnoticias.com.mx\/Portal\/wp-json\/wp\/v2\/categories?post=218453"},{"taxonomy":"post_tag","embeddable":true,"href":"https:\/\/rnoticias.com.mx\/Portal\/wp-json\/wp\/v2\/tags?post=218453"}],"curies":[{"name":"wp","href":"https:\/\/api.w.org\/{rel}","templated":true}]}}