{"id":218447,"date":"2025-05-15T17:15:51","date_gmt":"2025-05-16T00:15:51","guid":{"rendered":"https:\/\/rnoticias.com.mx\/Portal\/?p=218447"},"modified":"2025-05-15T17:19:50","modified_gmt":"2025-05-16T00:19:50","slug":"ieeypc-reporta-avance-normal-del-proceso-electoral-judicial-en-sonora","status":"publish","type":"post","link":"https:\/\/rnoticias.com.mx\/Portal\/2025\/05\/15\/ieeypc-reporta-avance-normal-del-proceso-electoral-judicial-en-sonora\/","title":{"rendered":"IEEyPC reporta avance normal del proceso electoral judicial en Sonora"},"content":{"rendered":"<p>El Instituto Estatal Electoral y de Participaci\u00f3n Ciudadana (IEEyPC) inform\u00f3 que el proceso electoral judicial en Sonora avanza con normalidad y sin incidentes relevantes, a pocas semanas de que concluyan las campa\u00f1as.<\/p>\n<p>El consejero presidente del organismo, Nery Ruiz Arvizu, se\u00f1al\u00f3 que hasta la fecha solo se ha recibido una denuncia formal contra un aspirante a juez a nivel local. Esta fue interpuesta por un ciudadano y actualmente es revisada por las autoridades competentes.<\/p>\n<p><strong>&#8220;Se present\u00f3 una sola denuncia contra un candidato a juez local. Es un tema que no reviste gravedad y est\u00e1 siendo atendido por la comisi\u00f3n correspondiente&#8221;, precis\u00f3.<\/strong><\/p>\n<p>De acuerdo con el funcionario, el caso est\u00e1 relacionado con la supuesta promoci\u00f3n del aspirante por parte de una c\u00e1mara o grupo ciudadano, lo cual contraviene las disposiciones del proceso electoral. No obstante, aclar\u00f3 que no se han registrado nuevas quejas de este tipo.<\/p>\n<p>Las campa\u00f1as concluir\u00e1n el pr\u00f3ximo 28 de mayo, y hasta ahora no se han detectado actos de calumnia entre los contendientes. Por ello, el IEEyPC reiter\u00f3 su llamado al respeto entre aspirantes y a que la ciudadan\u00eda participe de manera informada en las elecciones judiciales del 1 de junio.<\/p>\n","protected":false},"excerpt":{"rendered":"<p>El Instituto Estatal Electoral y de Participaci\u00f3n Ciudadana (IEEyPC) inform\u00f3 que el proceso electoral judicial en Sonora avanza con normalidad y sin incidentes relevantes, a pocas semanas de que concluyan las campa\u00f1as. El consejero presidente del organismo, Nery Ruiz Arvizu, se\u00f1al\u00f3 que hasta la fecha solo se ha recibido una denuncia formal contra un aspirante [&hellip;]<\/p>\n","protected":false},"author":2,"featured_media":218448,"comment_status":"closed","ping_status":"closed","sticky":false,"template":"","format":"standard","meta":{"footnotes":""},"categories":[12870,12868],"tags":[12865,12879],"class_list":["post-218447","post","type-post","status-publish","format-standard","has-post-thumbnail","hentry","category-destacadas","category-politica","tag-destacadas","tag-politica"],"jetpack_featured_media_url":"https:\/\/rnoticias.com.mx\/Portal\/wp-content\/uploads\/2025\/05\/GY0u6ouXkAMIT6Z.jpg","amp_enabled":true,"_links":{"self":[{"href":"https:\/\/rnoticias.com.mx\/Portal\/wp-json\/wp\/v2\/posts\/218447","targetHints":{"allow":["GET"]}}],"collection":[{"href":"https:\/\/rnoticias.com.mx\/Portal\/wp-json\/wp\/v2\/posts"}],"about":[{"href":"https:\/\/rnoticias.com.mx\/Portal\/wp-json\/wp\/v2\/types\/post"}],"author":[{"embeddable":true,"href":"https:\/\/rnoticias.com.mx\/Portal\/wp-json\/wp\/v2\/users\/2"}],"replies":[{"embeddable":true,"href":"https:\/\/rnoticias.com.mx\/Portal\/wp-json\/wp\/v2\/comments?post=218447"}],"version-history":[{"count":2,"href":"https:\/\/rnoticias.com.mx\/Portal\/wp-json\/wp\/v2\/posts\/218447\/revisions"}],"predecessor-version":[{"id":218457,"href":"https:\/\/rnoticias.com.mx\/Portal\/wp-json\/wp\/v2\/posts\/218447\/revisions\/218457"}],"wp:featuredmedia":[{"embeddable":true,"href":"https:\/\/rnoticias.com.mx\/Portal\/wp-json\/wp\/v2\/media\/218448"}],"wp:attachment":[{"href":"https:\/\/rnoticias.com.mx\/Portal\/wp-json\/wp\/v2\/media?parent=218447"}],"wp:term":[{"taxonomy":"category","embeddable":true,"href":"https:\/\/rnoticias.com.mx\/Portal\/wp-json\/wp\/v2\/categories?post=218447"},{"taxonomy":"post_tag","embeddable":true,"href":"https:\/\/rnoticias.com.mx\/Portal\/wp-json\/wp\/v2\/tags?post=218447"}],"curies":[{"name":"wp","href":"https:\/\/api.w.org\/{rel}","templated":true}]}}