{"id":218443,"date":"2025-05-15T17:12:00","date_gmt":"2025-05-16T00:12:00","guid":{"rendered":"https:\/\/rnoticias.com.mx\/Portal\/?p=218443"},"modified":"2025-05-15T17:12:00","modified_gmt":"2025-05-16T00:12:00","slug":"sera-foro-madero-escenario-de-artistas-locales-nacionales-e-internacionales-en-fiestas-del-pitic-2025","status":"publish","type":"post","link":"https:\/\/rnoticias.com.mx\/Portal\/2025\/05\/15\/sera-foro-madero-escenario-de-artistas-locales-nacionales-e-internacionales-en-fiestas-del-pitic-2025\/","title":{"rendered":"Ser\u00e1 Foro Madero escenario de artistas locales, nacionales e internacionales en Fiestas del Pitic 2025"},"content":{"rendered":"<p><b data-olk-copy-source=\"MessageBody\">Hermosillo, Sonora; 15 de mayo, 2025.-\u00a0<\/b>El Parque Madero ubicado en el Centro Hist\u00f3rico de la ciudad tendr\u00e1 por primera vez dos foros para quienes deseen disfrutar la edici\u00f3n 23 de las Fiestas del Pitic a trav\u00e9s de la m\u00fasica, la danza y el talento que ha marcado generaciones.<\/p>\n<p>Las celebraciones en este emblem\u00e1tico espacio recientemente renovado arrancan el jueves 22 de mayo con la Orquesta Sinf\u00f3nica Infantil y Juvenil de DIF Hermosillo, dirigida por Gerardo Trejo, a las 8:00 pm; posteriormente, la elegancia del jazz resonar\u00e1 con Big Band Jazz de Horacio Lagarda a las 10:00 pm.<\/p>\n<p>El viernes 23 de mayo, a las 8:00 pm llegar\u00e1 al escenario Kakalo, quien recientemente gan\u00f3 la competencia internacional en Vi\u00f1a del Mar y Los Madafakers a las 10:00 pm. El s\u00e1bado 24 ser\u00e1 una noche para escuchar la propuesta musical de Ms. Ambar a las 8:00 pm y el ritmo inolvidable de La Santa Cecilia a las 10:00 pm.<\/p>\n<p>Las presentaciones mencionadas forman parte del Foro Madero que se ubicar\u00e1 en las calles Colosio y Morelia donde las familias podr\u00e1n disfrutar la variedad art\u00edstica programada.<\/p>\n<p>La Concha Ac\u00fastica al interior del parque tambi\u00e9n ser\u00e1 escenario art\u00edstico<\/p>\n<p>El jueves 22 de mayo a las 7:00 pm se presentar\u00e1 el Ballet Folcl\u00f3rico de la Guardia Nacional, seguido a las 9:00 pm por el Festival Internacional del Folclor Danzantes del Sol, que re\u00fane a representantes de Polonia, Paraguay, Colombia y M\u00e9xico bajo la Asociaci\u00f3n Internacional de Folclor Latinoamericano AIFL.<\/p>\n<p>El viernes 23 ser\u00e1 el turno de Balva a las 7:00 pm y de Aida Rojo a las 9:00 pm. El s\u00e1bado 24, la Banda Sinf\u00f3nica del Estado de Sonora bajo la batuta de Gustavo Asencio llenar\u00e1 de emoci\u00f3n el aire a las 6:00 pm, seguida de Personajes del Hermosillo de Ayer y Hoy, a cargo de Taco de Ojo Teatro a las 7:00 pm, y el cierre a cargo de la banda local L\u00f3pez P\u00e9rez a las 9:00 pm.<\/p>\n<p>El domingo 25, CC Producciones presentar\u00e1 abrir\u00e1 la jornada con Switch Inn a las 7:00 pm y la Orquesta Los Cach\u00e1 pondr\u00e1 el broche de oro a las 9:00 pm, cerrando un ciclo lleno de memoria, alegr\u00eda y m\u00fasica.<\/p>\n<p>Las Fiestas del Pitic tambi\u00e9n contar\u00e1n con presentaciones con artistas como Caifanes, Miguel Bos\u00e9 y Eden Mu\u00f1oz en el Foro Rosales, as\u00ed como Bacilos, Mar\u00eda Le\u00f3n y el tenor Arturo Chac\u00f3n en la Plaza Alonso Vidal, quien adem\u00e1s recibir\u00e1 la Medalla Emiliana de Zubeld\u00eda.<\/p>\n<p>El Gobierno Municipal invita a toda la ciudadan\u00eda a sumarse a esta celebraci\u00f3n que honra la historia, pero tambi\u00e9n proyecta el futuro de Hermosillo con m\u00e1s de mil 400 artistas que dan vida al lema de este a\u00f1o: Movimiento que transforma.<\/p>\n<p>Consulta el programa de Fiestas del Pitic 2025 en<br \/>\nhttps:\/\/fiestasdelpitic.hermosillo.gob.mx\/<\/p>\n","protected":false},"excerpt":{"rendered":"<p>Hermosillo, Sonora; 15 de mayo, 2025.-\u00a0El Parque Madero ubicado en el Centro Hist\u00f3rico de la ciudad tendr\u00e1 por primera vez dos foros para quienes deseen disfrutar la edici\u00f3n 23 de las Fiestas del Pitic a trav\u00e9s de la m\u00fasica, la danza y el talento que ha marcado generaciones. Las celebraciones en este emblem\u00e1tico espacio recientemente [&hellip;]<\/p>\n","protected":false},"author":2,"featured_media":218444,"comment_status":"closed","ping_status":"closed","sticky":false,"template":"","format":"standard","meta":{"footnotes":""},"categories":[12870,178],"tags":[12865,12869],"class_list":["post-218443","post","type-post","status-publish","format-standard","has-post-thumbnail","hentry","category-destacadas","category-local","tag-destacadas","tag-local"],"jetpack_featured_media_url":"https:\/\/rnoticias.com.mx\/Portal\/wp-content\/uploads\/2025\/05\/Sera-Foro-Madero-escenario-de-artistas-locales-nacionales-e-internacionales-en-Fiestas-del-Pitic-2025-2.jpeg","amp_enabled":true,"_links":{"self":[{"href":"https:\/\/rnoticias.com.mx\/Portal\/wp-json\/wp\/v2\/posts\/218443","targetHints":{"allow":["GET"]}}],"collection":[{"href":"https:\/\/rnoticias.com.mx\/Portal\/wp-json\/wp\/v2\/posts"}],"about":[{"href":"https:\/\/rnoticias.com.mx\/Portal\/wp-json\/wp\/v2\/types\/post"}],"author":[{"embeddable":true,"href":"https:\/\/rnoticias.com.mx\/Portal\/wp-json\/wp\/v2\/users\/2"}],"replies":[{"embeddable":true,"href":"https:\/\/rnoticias.com.mx\/Portal\/wp-json\/wp\/v2\/comments?post=218443"}],"version-history":[{"count":1,"href":"https:\/\/rnoticias.com.mx\/Portal\/wp-json\/wp\/v2\/posts\/218443\/revisions"}],"predecessor-version":[{"id":218445,"href":"https:\/\/rnoticias.com.mx\/Portal\/wp-json\/wp\/v2\/posts\/218443\/revisions\/218445"}],"wp:featuredmedia":[{"embeddable":true,"href":"https:\/\/rnoticias.com.mx\/Portal\/wp-json\/wp\/v2\/media\/218444"}],"wp:attachment":[{"href":"https:\/\/rnoticias.com.mx\/Portal\/wp-json\/wp\/v2\/media?parent=218443"}],"wp:term":[{"taxonomy":"category","embeddable":true,"href":"https:\/\/rnoticias.com.mx\/Portal\/wp-json\/wp\/v2\/categories?post=218443"},{"taxonomy":"post_tag","embeddable":true,"href":"https:\/\/rnoticias.com.mx\/Portal\/wp-json\/wp\/v2\/tags?post=218443"}],"curies":[{"name":"wp","href":"https:\/\/api.w.org\/{rel}","templated":true}]}}