{"id":218440,"date":"2025-05-15T17:11:11","date_gmt":"2025-05-16T00:11:11","guid":{"rendered":"https:\/\/rnoticias.com.mx\/Portal\/?p=218440"},"modified":"2025-05-15T17:13:40","modified_gmt":"2025-05-16T00:13:40","slug":"reconoce-gobernador-durazo-vocacion-transformadora-de-las-maestras-y-los-maestros-froylan-gamez","status":"publish","type":"post","link":"https:\/\/rnoticias.com.mx\/Portal\/2025\/05\/15\/reconoce-gobernador-durazo-vocacion-transformadora-de-las-maestras-y-los-maestros-froylan-gamez\/","title":{"rendered":"Reconoce Gobernador Durazo vocaci\u00f3n transformadora de las maestras y los maestros: Froyl\u00e1n G\u00e1mez"},"content":{"rendered":"<table class=\"m_-2845684946225796499layout\" border=\"0\" width=\"100%\" cellspacing=\"0\" cellpadding=\"0\">\n<tbody>\n<tr>\n<td class=\"m_-2845684946225796499column m_-2845684946225796499scale m_-2845684946225796499stack\" align=\"center\" valign=\"top\">\n<table class=\"m_-2845684946225796499text\" border=\"0\" width=\"100%\" cellspacing=\"0\" cellpadding=\"0\">\n<tbody>\n<tr>\n<td class=\"m_-2845684946225796499text_content-cell m_-2845684946225796499content-padding-horizontal\" align=\"left\" valign=\"top\">Hermosillo, Sonora; 15 de mayo de 2025.- Con la entrega de reconocimientos y est\u00edmulos econ\u00f3micos a mil 184 docentes de Sonora que cumplieron 20, 30 y 40 a\u00f1os de servicio educativo, el gobernador Alfonso Durazo honra la vocaci\u00f3n transformadora del magisterio estatal, destac\u00f3 Froyl\u00e1n G\u00e1mez Gamboa, titular de la Secretar\u00eda de Educaci\u00f3n y Cultura (SEC).<\/p>\n<p>G\u00e1mez Gamboa encabez\u00f3 los actos conmemorativos con motivo del D\u00eda de la Maestra y el Maestro, donde resalt\u00f3 que las y los docentes han contribuido al desarrollo econ\u00f3mico y social desde las escuelas, a donde acuden cada d\u00eda a educar a miles de ni\u00f1as, ni\u00f1os y adolescentes.<\/p>\n<p>\u201cRecibir un reconocimiento por 20, 30 o 40 a\u00f1os de servicio no es un acto ceremonial m\u00e1s, es un testimonio vivo de constancia, vocaci\u00f3n y compromiso inquebrantable\u201d, enfatiz\u00f3 G\u00e1mez Gamboa.<\/p>\n<p>Los integrantes del magisterio, procedentes de los 72 municipios de Sonora, recibieron la medalla de plata &#8220;Profr. Amadeo Hern\u00e1ndez&#8221;, por 20 a\u00f1os de servicio, y las medallas de oro &#8220;Eduardo W. Villa&#8221; y &#8220;Manuel Altamirano&#8221;, por 30 y 40 a\u00f1os, respectivamente.<\/p>\n<p>Durante el evento conmemorativo tambi\u00e9n se entregaron computadoras port\u00e1tiles a docentes que participaron en la convocatoria \u201cApoyo de tecnolog\u00edas educativas y de la informaci\u00f3n para el personal al servicio de la educaci\u00f3n\u201d.<\/p>\n<p>Previamente, en la Plaza del Maestro, ubicada en la capital sonorense, el funcionario estatal, acompa\u00f1ado de autoridades educativas y sindicales, encabez\u00f3 un acto en honor a quienes han dedicado su vida a la ense\u00f1anza.<\/td>\n<\/tr>\n<\/tbody>\n<\/table>\n<\/td>\n<\/tr>\n<\/tbody>\n<\/table>\n","protected":false},"excerpt":{"rendered":"<p>Hermosillo, Sonora; 15 de mayo de 2025.- Con la entrega de reconocimientos y est\u00edmulos econ\u00f3micos a mil 184 docentes de Sonora que cumplieron 20, 30 y 40 a\u00f1os de servicio educativo, el gobernador Alfonso Durazo honra la vocaci\u00f3n transformadora del magisterio estatal, destac\u00f3 Froyl\u00e1n G\u00e1mez Gamboa, titular de la Secretar\u00eda de Educaci\u00f3n y Cultura (SEC). [&hellip;]<\/p>\n","protected":false},"author":2,"featured_media":218441,"comment_status":"closed","ping_status":"closed","sticky":false,"template":"","format":"standard","meta":{"footnotes":""},"categories":[12870,178],"tags":[12865,12869],"class_list":["post-218440","post","type-post","status-publish","format-standard","has-post-thumbnail","hentry","category-destacadas","category-local","tag-destacadas","tag-local"],"jetpack_featured_media_url":"https:\/\/rnoticias.com.mx\/Portal\/wp-content\/uploads\/2025\/05\/unnamed-70.jpg","amp_enabled":true,"_links":{"self":[{"href":"https:\/\/rnoticias.com.mx\/Portal\/wp-json\/wp\/v2\/posts\/218440","targetHints":{"allow":["GET"]}}],"collection":[{"href":"https:\/\/rnoticias.com.mx\/Portal\/wp-json\/wp\/v2\/posts"}],"about":[{"href":"https:\/\/rnoticias.com.mx\/Portal\/wp-json\/wp\/v2\/types\/post"}],"author":[{"embeddable":true,"href":"https:\/\/rnoticias.com.mx\/Portal\/wp-json\/wp\/v2\/users\/2"}],"replies":[{"embeddable":true,"href":"https:\/\/rnoticias.com.mx\/Portal\/wp-json\/wp\/v2\/comments?post=218440"}],"version-history":[{"count":1,"href":"https:\/\/rnoticias.com.mx\/Portal\/wp-json\/wp\/v2\/posts\/218440\/revisions"}],"predecessor-version":[{"id":218442,"href":"https:\/\/rnoticias.com.mx\/Portal\/wp-json\/wp\/v2\/posts\/218440\/revisions\/218442"}],"wp:featuredmedia":[{"embeddable":true,"href":"https:\/\/rnoticias.com.mx\/Portal\/wp-json\/wp\/v2\/media\/218441"}],"wp:attachment":[{"href":"https:\/\/rnoticias.com.mx\/Portal\/wp-json\/wp\/v2\/media?parent=218440"}],"wp:term":[{"taxonomy":"category","embeddable":true,"href":"https:\/\/rnoticias.com.mx\/Portal\/wp-json\/wp\/v2\/categories?post=218440"},{"taxonomy":"post_tag","embeddable":true,"href":"https:\/\/rnoticias.com.mx\/Portal\/wp-json\/wp\/v2\/tags?post=218440"}],"curies":[{"name":"wp","href":"https:\/\/api.w.org\/{rel}","templated":true}]}}